{"id":50,"date":"2019-01-22T12:48:12","date_gmt":"2019-01-22T12:48:12","guid":{"rendered":"http:\/\/blogs2.abo.fi\/webbprojektet\/?p=50"},"modified":"2019-01-25T06:45:11","modified_gmt":"2019-01-25T06:45:11","slug":"webbutveckling-%e2%80%a2-web-development","status":"publish","type":"post","link":"https:\/\/blogs2.abo.fi\/webbprojektet\/2019\/01\/22\/webbutveckling-%e2%80%a2-web-development\/","title":{"rendered":"Webbutveckling \u2022 Web development"},"content":{"rendered":"<p><strong>[<a href=\"#English\">Click here for the English version.<\/a>]<\/strong><\/p>\n<p>Om en knapp m\u00e5nad fyller \u00c5bo Akademis nya webb ett \u00e5r. Utvecklingen av webben har p\u00e5g\u00e5tt sedan lanseringen och &#8221;under motorhuven&#8221; har m\u00e5nga saker \u00e4ndrat under \u00e5ret.<\/p>\n<p>Under de n\u00e4rmaste m\u00e5naderna kommer n\u00e5gra mer synliga webbutvecklingsprojekt att slutf\u00f6ras och h\u00e4r ber\u00e4ttas mer om dem.<\/p>\n<p>&nbsp;<\/p>\n<h2>Forskningsprojekten<\/h2>\n<p>I slutet av senaste \u00e5r samlades information om olika forskningsprojekt som \u00e4r p\u00e5 g\u00e5ng inom \u00c5bo Akademi. Uppgifterna \u00f6ver dessa h\u00e5ller i skrivande stund p\u00e5 att matas in p\u00e5 webben.<\/p>\n<p>De inmatade projekten kommer att vara bl\u00e4dderbara via <em>Forskningsprojekt<\/em>-s\u00f6krutan p\u00e5 <a href=\"https:\/\/www.abo.fi\/forska-hos-oss\/\">Forska hos oss<\/a>-startsidan. Projekten kommer ocks\u00e5 fram i den generella \u00c5A-webbs\u00f6kningen, d\u00e4r s\u00f6ktr\u00e4ffarna inom projekten samlas under rubriken <em>Projekt<\/em>.<\/p>\n<p>Projektuppgifter uppdateras och matas in kontinuerligt. \u00c4r ditt projekt allts\u00e5 inte \u00e4nnu med p\u00e5 webben, eller \u00e4r det n\u00e5got som beh\u00f6ver uppdateras \u00e4r det bara att kontakta webbkontaktpersonen f\u00f6r din fakultet:<br \/>\nFHPT: Siv \u00d6sterlund (<a href=\"mailto:siv.osterlund@abo.fi\">siv.osterlund@abo.fi<\/a>)<br \/>\nFNT: Tuija Numminen (<a href=\"mailto:tuija.numminen@abo.fi\">tuija.numminen@abo.fi<\/a>)<br \/>\nFPV: Anne-Lie Haglund (<a href=\"mailto:anne-lie.haglund@abo.fi\">anne-lie.haglund@abo.fi<\/a>)<br \/>\nFSE: Kia Ikonen (<a href=\"mailto:kia.ikonen@abo.fi\">kia.ikonen@abo.fi<\/a>)<\/p>\n<p>&nbsp;<\/p>\n<h2>Personkortet<\/h2>\n<p>Personkortet, allts\u00e5 de automatiska personuppgifterna p\u00e5 webben som man f\u00e5r fram genom att s\u00f6ka p\u00e5 ett namn och sedan klicka p\u00e5 namnet under rubriken &#8221;Anst\u00e4llda&#8221; bland s\u00f6kresultaten, har gett upphov till en stor del av de kommentarer som kommit in till <a href=\"mailto:webbsupport@abo.fi\">webbsupport@abo.fi<\/a>.<\/p>\n<p>Mest har det \u00f6nskats att ocks\u00e5 doktoranderna kunde g\u00e5 att hitta via persons\u00f6kningen. Detta blir m\u00f6jligt inom en snar framtid. Eftersom doktoranderna inte n\u00f6dv\u00e4ndigtvis har ett anst\u00e4llningsf\u00f6rh\u00e5llande kan inte doktorandernas uppgifter publiceras automatiskt. F\u00f6r att doktorandernas personuppgifter skall bli s\u00f6kbara b\u00f6r de ge sitt tillst\u00e5nd till publiceringen. Detta kommer att kunna g\u00f6ras via <a href=\"https:\/\/selfservice.abo.fi\" target=\"_blank\" rel=\"noopener\">Selfservice<\/a>.<\/p>\n<p>N\u00e4stan lika mycket som att visa doktorander har det \u00f6nskats att webbens personkort kunde visa ett foto p\u00e5 personen p\u00e5 samma s\u00e4tt som gamla webbens (nuvarande intran\u00e4tets) personkort g\u00f6r. Ocks\u00e5 denna uppdatering torde komma inom n\u00e5gra m\u00e5nader. F\u00f6r att personfotografierna skall vara m\u00f6jligast enhetliga kommer <a href=\"https:\/\/www.abo.fi\/personkort\">endast bilder som tagits vid de officiella fotograferingstillf\u00e4llena, eller bilder som som liknar dessa att till\u00e5tas att publiceras<\/a>. Samma bild visas sedan s\u00e5v\u00e4l p\u00e5 intran\u00e4tet som p\u00e5 den externa webben.<\/p>\n<p>Andra nyheter g\u00e4llande personkortet, som aktiveras senare, \u00e4r visning av den fakultet och det \u00e4mne\/enhet man \u00e4r knuten till samt att personkortet kommer att \u00f6vers\u00e4ttas till s\u00e5v\u00e4l engelska som finska.<\/p>\n<p>&nbsp;<\/p>\n<h2>Grafiska profilen<\/h2>\n<p>\u00c5bo Akademis nya grafiska profil lanserades 16.1. Du kan l\u00e4sa mer om den nya grafiska profilen p\u00e5 <a href=\"https:\/\/www.abo.fi\/grafrek\">www.abo.fi\/grafrek<\/a>. Den nya grafiska profilen kommer ocks\u00e5 att p\u00e5verka webbens utseende. \u00c4ndringarna p\u00e5 webben kommer inte att vara stora, men i skrivande stund \u00e4r det \u00e4nnu inte klart exakt hur webbsidornas utseende kommer att \u00e4ndras. Hur som helst kommer \u00e4ndringara at ske automatiskt och kommer inte att kr\u00e4va \u00e5tg\u00e4rder av dem som jobbar med \u00c5bo Akademis webbsidor.<\/p>\n<p>&nbsp;<\/p>\n<p><a name=\"English\"><\/a><\/p>\n<h1>Web development<\/h1>\n<p>In just a few weeks the new \u00c5bo Akademi University website turns one year old. The development of the site has continued since the site was launched and it is still ongoing.\u00a0Most of the development work is of a nature that is not directly visible for the average web visitor, but a few more noticeable development projects are taking place in the beginning of this year.<\/p>\n<p>&nbsp;<\/p>\n<h2>Research Projects<\/h2>\n<p>The first of these development projects concerns research projects. \u00a0Information on all kinds of \u00c5AU research projects will be uploaded to \u00a0the site. After that the projects can be found on the <em>Research projects<\/em>\u00a0search on the\u00a0<a href=\"https:\/\/www.abo.fi\/en\/research-at-aau\/\">main research page<\/a>. The projects will also be searchable through the main site search, where hits can be found under the subheading\u00a0<em>Projects<\/em>.<\/p>\n<p>If you want to update your project information or if your project is not yet on the web, you can contact the web contact person at your faculty<\/p>\n<p>Arts, Psychology and Theology: Siv \u00d6sterlund (<a href=\"mailto:siv.osterlund@abo.fi\">siv.osterlund@abo.fi<\/a>)<br \/>\nScience and Engineering: Tuija Numminen (<a href=\"mailto:tuija.numminen@abo.fi\">tuija.numminen@abo.fi<\/a>)<br \/>\nEducation and Welfare Studies: Anne-Lie Haglund (<a href=\"mailto:anne-lie.haglund@abo.fi\">anne-lie.haglund@abo.fi<\/a>)<br \/>\nSocial Sciences, Business and Economics: Kia Ikonen (<a href=\"mailto:kia.ikonen@abo.fi\">kia.ikonen@abo.fi<\/a>)<\/p>\n<p>&nbsp;<\/p>\n<h2>Person Card<\/h2>\n<p>The staff contact information, i.e. the person card that is shown as a search hit under the subheading <em>Contacts<\/em>, is getting some new features.<\/p>\n<p>Firstly, contact information for doctoral students will soon be available. Doctoral students will, however, have to agree to have their information displayed. This procedure will be handled through\u00a0<a href=\"http:\/\/selfservice.abo.fi\">Selfservice<\/a>.<\/p>\n<p>Secondly, together with the contact information a photo will be shown, provided<br \/>\nthat an image meeting the requirements has been uploaded. Read more on the<br \/>\nrequirements and how to upload your photo on <a href=\"https:\/\/ www.abo.fi\/personcard\">www.abo.fi\/personcard<\/a>.<\/p>\n<p>Later in the spring the person card will also contain information on which faculty and which subject the person is connected to.<\/p>\n<p>&nbsp;<\/p>\n<h2>New visual identity guidlines<\/h2>\n<p><a href=\"https:\/\/oldwww.abo.fi\/personal\/en\/grafrek\" target=\"_blank\" rel=\"noopener\">\u00c5bo Akademi University has recently renewed its visual identity guidelines.<\/a> Eventually the new visual identity will to some extent affect the website. However, although it is not yet defined what changes will be made, they will be of a minor nature and\u00a0will be implemented automatically.<\/p>\n","protected":false},"excerpt":{"rendered":"<p>[Click here for the English version.] Om en knapp m\u00e5nad fyller \u00c5bo Akademis nya webb ett \u00e5r. Utvecklingen av webben har p\u00e5g\u00e5tt sedan lanseringen och &#8221;under motorhuven&#8221; har m\u00e5nga saker \u00e4ndrat under \u00e5ret. Under de n\u00e4rmaste m\u00e5naderna kommer n\u00e5gra mer synliga webbutvecklingsprojekt att slutf\u00f6ras och h\u00e4r ber\u00e4ttas mer om dem. &nbsp; Forskningsprojekten I slutet av [&hellip;]<\/p>\n","protected":false},"author":1,"featured_media":0,"comment_status":"open","ping_status":"open","sticky":false,"template":"","format":"standard","meta":{"footnotes":""},"categories":[5],"tags":[14,15,18,13,17,19,16,12],"class_list":["post-50","post","type-post","status-publish","format-standard","hentry","category-nyheter","tag-forskningsprojekt","tag-grafisk-profil","tag-person-card","tag-personkort","tag-research-project","tag-visual-identity","tag-web-development","tag-webbutveckling"],"_links":{"self":[{"href":"https:\/\/blogs2.abo.fi\/webbprojektet\/wp-json\/wp\/v2\/posts\/50","targetHints":{"allow":["GET"]}}],"collection":[{"href":"https:\/\/blogs2.abo.fi\/webbprojektet\/wp-json\/wp\/v2\/posts"}],"about":[{"href":"https:\/\/blogs2.abo.fi\/webbprojektet\/wp-json\/wp\/v2\/types\/post"}],"author":[{"embeddable":true,"href":"https:\/\/blogs2.abo.fi\/webbprojektet\/wp-json\/wp\/v2\/users\/1"}],"replies":[{"embeddable":true,"href":"https:\/\/blogs2.abo.fi\/webbprojektet\/wp-json\/wp\/v2\/comments?post=50"}],"version-history":[{"count":10,"href":"https:\/\/blogs2.abo.fi\/webbprojektet\/wp-json\/wp\/v2\/posts\/50\/revisions"}],"predecessor-version":[{"id":60,"href":"https:\/\/blogs2.abo.fi\/webbprojektet\/wp-json\/wp\/v2\/posts\/50\/revisions\/60"}],"wp:attachment":[{"href":"https:\/\/blogs2.abo.fi\/webbprojektet\/wp-json\/wp\/v2\/media?parent=50"}],"wp:term":[{"taxonomy":"category","embeddable":true,"href":"https:\/\/blogs2.abo.fi\/webbprojektet\/wp-json\/wp\/v2\/categories?post=50"},{"taxonomy":"post_tag","embeddable":true,"href":"https:\/\/blogs2.abo.fi\/webbprojektet\/wp-json\/wp\/v2\/tags?post=50"}],"curies":[{"name":"wp","href":"https:\/\/api.w.org\/{rel}","templated":true}]}}