{"id":493,"date":"2021-02-01T20:59:02","date_gmt":"2021-02-01T18:59:02","guid":{"rendered":"http:\/\/blogs2.abo.fi\/vocalis\/?p=493"},"modified":"2021-02-01T20:59:02","modified_gmt":"2021-02-01T18:59:02","slug":"styrelsen-2021-kommer-igang","status":"publish","type":"post","link":"https:\/\/blogs2.abo.fi\/vocalis\/2021\/02\/01\/styrelsen-2021-kommer-igang\/","title":{"rendered":"Styrelsen 2021 kommer ig\u00e5ng"},"content":{"rendered":"<p>Stysse21 f\u00f6rs\u00f6ker s\u00e5 sm\u00e5ningom komma ig\u00e5ng trots det r\u00e5dande coronal\u00e4get och vi hoppas p\u00e5 att omdesigna och anv\u00e4nda hemsidan mer detta \u00e5r!<\/p>\n<h1><strong><span style=\"color: #ff0000\">STYRELSEN 2021<\/span><\/strong><\/h1>\n<p>Ordf\u00f6rande: Anna Helin<br \/>\nVice ordf\u00f6rande: Selina Yrttiaho<br \/>\nSkattm\u00e4stare: Tatjana Nordman<br \/>\nSekreterare: Alexandra Lindroos<br \/>\nV\u00e4rdinna: Emilia Kytt\u00e4l\u00e4<br \/>\nKlubbh\u00f6vding: Hugo Paulsen<\/p>\n<p>Fr\u00e5n v\u00e4nster: Tatjana, Hugo, Alexandra, Emilia, Selina, Anna<\/p>\n<p><img loading=\"lazy\" decoding=\"async\" class=\"alignnone size-medium wp-image-494\" src=\"http:\/\/blogs2.abo.fi\/vocalis\/wp-content\/uploads\/sites\/59\/2021\/02\/IMG_20210111_191649-e1612205886441-225x300.jpg\" alt=\"\" width=\"225\" height=\"300\" srcset=\"https:\/\/blogs2.abo.fi\/vocalis\/wp-content\/uploads\/sites\/59\/2021\/02\/IMG_20210111_191649-e1612205886441-225x300.jpg 225w, https:\/\/blogs2.abo.fi\/vocalis\/wp-content\/uploads\/sites\/59\/2021\/02\/IMG_20210111_191649-e1612205886441-768x1024.jpg 768w, https:\/\/blogs2.abo.fi\/vocalis\/wp-content\/uploads\/sites\/59\/2021\/02\/IMG_20210111_191649-e1612205886441-624x832.jpg 624w\" sizes=\"auto, (max-width: 225px) 100vw, 225px\" \/><\/p>\n","protected":false},"excerpt":{"rendered":"<p>Stysse21 f\u00f6rs\u00f6ker s\u00e5 sm\u00e5ningom komma ig\u00e5ng trots det r\u00e5dande coronal\u00e4get och vi hoppas p\u00e5 att omdesigna och anv\u00e4nda hemsidan mer detta \u00e5r! STYRELSEN 2021 Ordf\u00f6rande: Anna Helin Vice ordf\u00f6rande: Selina Yrttiaho Skattm\u00e4stare: Tatjana Nordman Sekreterare: Alexandra Lindroos V\u00e4rdinna: Emilia Kytt\u00e4l\u00e4 &hellip; <a href=\"https:\/\/blogs2.abo.fi\/vocalis\/2021\/02\/01\/styrelsen-2021-kommer-igang\/\">Forts\u00e4tt l\u00e4sa <span class=\"meta-nav\">&rarr;<\/span><\/a><\/p>\n","protected":false},"author":465,"featured_media":0,"comment_status":"open","ping_status":"open","sticky":false,"template":"","format":"standard","meta":{"footnotes":""},"categories":[10],"tags":[],"class_list":["post-493","post","type-post","status-publish","format-standard","hentry","category-blogginlagg"],"_links":{"self":[{"href":"https:\/\/blogs2.abo.fi\/vocalis\/wp-json\/wp\/v2\/posts\/493","targetHints":{"allow":["GET"]}}],"collection":[{"href":"https:\/\/blogs2.abo.fi\/vocalis\/wp-json\/wp\/v2\/posts"}],"about":[{"href":"https:\/\/blogs2.abo.fi\/vocalis\/wp-json\/wp\/v2\/types\/post"}],"author":[{"embeddable":true,"href":"https:\/\/blogs2.abo.fi\/vocalis\/wp-json\/wp\/v2\/users\/465"}],"replies":[{"embeddable":true,"href":"https:\/\/blogs2.abo.fi\/vocalis\/wp-json\/wp\/v2\/comments?post=493"}],"version-history":[{"count":1,"href":"https:\/\/blogs2.abo.fi\/vocalis\/wp-json\/wp\/v2\/posts\/493\/revisions"}],"predecessor-version":[{"id":495,"href":"https:\/\/blogs2.abo.fi\/vocalis\/wp-json\/wp\/v2\/posts\/493\/revisions\/495"}],"wp:attachment":[{"href":"https:\/\/blogs2.abo.fi\/vocalis\/wp-json\/wp\/v2\/media?parent=493"}],"wp:term":[{"taxonomy":"category","embeddable":true,"href":"https:\/\/blogs2.abo.fi\/vocalis\/wp-json\/wp\/v2\/categories?post=493"},{"taxonomy":"post_tag","embeddable":true,"href":"https:\/\/blogs2.abo.fi\/vocalis\/wp-json\/wp\/v2\/tags?post=493"}],"curies":[{"name":"wp","href":"https:\/\/api.w.org\/{rel}","templated":true}]}}