{"id":243,"date":"2018-02-16T09:49:54","date_gmt":"2018-02-16T07:49:54","guid":{"rendered":"http:\/\/blogs2.abo.fi\/vocalis\/?p=243"},"modified":"2018-02-16T09:49:54","modified_gmt":"2018-02-16T07:49:54","slug":"fastlaskiainen2018","status":"publish","type":"post","link":"https:\/\/blogs2.abo.fi\/vocalis\/2018\/02\/16\/fastlaskiainen2018\/","title":{"rendered":"Fastlaskiainen2018"},"content":{"rendered":"<p>Den 13.2 var det dags f\u00f6r fastlaskiainen. Vocalis deltog f\u00f6r f\u00f6rsta g\u00e5ngen n\u00e5gonsin (!) i pulkat\u00e4vlingen, som ordnades p\u00e5 v\u00e5rdberget. V\u00e5r pulka f\u00f6rest\u00e4llde v\u00e5r logo, en mun med en tunga. Vi tog oss ner helskinnade (ingen f\u00f6ll i backen) och hade kul p\u00e5 v\u00e4gen.<\/p>\n<p>Efter dagen vid v\u00e5rdberget for de flesta Vocalister p\u00e5 mellanfest och sen vidare ut i vimlet.<\/p>\n<p>&nbsp;<\/p>\n<div id=\"attachment_244\" style=\"width: 235px\" class=\"wp-caption alignnone\"><img loading=\"lazy\" decoding=\"async\" aria-describedby=\"caption-attachment-244\" class=\"size-medium wp-image-244\" src=\"http:\/\/blogs2.abo.fi\/vocalis\/wp-content\/uploads\/sites\/59\/2018\/02\/EF004050-5149-40B8-969D-9589B8AE9BD3-225x300.jpeg\" alt=\"\" width=\"225\" height=\"300\" srcset=\"https:\/\/blogs2.abo.fi\/vocalis\/wp-content\/uploads\/sites\/59\/2018\/02\/EF004050-5149-40B8-969D-9589B8AE9BD3-225x300.jpeg 225w, https:\/\/blogs2.abo.fi\/vocalis\/wp-content\/uploads\/sites\/59\/2018\/02\/EF004050-5149-40B8-969D-9589B8AE9BD3-768x1024.jpeg 768w, https:\/\/blogs2.abo.fi\/vocalis\/wp-content\/uploads\/sites\/59\/2018\/02\/EF004050-5149-40B8-969D-9589B8AE9BD3-624x832.jpeg 624w, https:\/\/blogs2.abo.fi\/vocalis\/wp-content\/uploads\/sites\/59\/2018\/02\/EF004050-5149-40B8-969D-9589B8AE9BD3.jpeg 1200w\" sizes=\"auto, (max-width: 225px) 100vw, 225px\" \/><p id=\"caption-attachment-244\" class=\"wp-caption-text\"><img loading=\"lazy\" decoding=\"async\" class=\"alignnone size-medium wp-image-245\" style=\"color: #444444;font-size: 1rem\" src=\"http:\/\/blogs2.abo.fi\/vocalis\/wp-content\/uploads\/sites\/59\/2018\/02\/91AA7743-9911-4E14-870B-C1AFD2F03363-225x300.jpeg\" alt=\"\" width=\"225\" height=\"300\" srcset=\"https:\/\/blogs2.abo.fi\/vocalis\/wp-content\/uploads\/sites\/59\/2018\/02\/91AA7743-9911-4E14-870B-C1AFD2F03363-225x300.jpeg 225w, https:\/\/blogs2.abo.fi\/vocalis\/wp-content\/uploads\/sites\/59\/2018\/02\/91AA7743-9911-4E14-870B-C1AFD2F03363-768x1024.jpeg 768w, https:\/\/blogs2.abo.fi\/vocalis\/wp-content\/uploads\/sites\/59\/2018\/02\/91AA7743-9911-4E14-870B-C1AFD2F03363-624x832.jpeg 624w, https:\/\/blogs2.abo.fi\/vocalis\/wp-content\/uploads\/sites\/59\/2018\/02\/91AA7743-9911-4E14-870B-C1AFD2F03363.jpeg 1200w\" sizes=\"auto, (max-width: 225px) 100vw, 225px\" \/><\/p><\/div>\n<div id=\"attachment_246\" style=\"width: 310px\" class=\"wp-caption alignnone\"><img loading=\"lazy\" decoding=\"async\" aria-describedby=\"caption-attachment-246\" class=\"size-medium wp-image-246\" src=\"http:\/\/blogs2.abo.fi\/vocalis\/wp-content\/uploads\/sites\/59\/2018\/02\/15C3BB05-1F59-4466-8D62-5D69CBCC44DC-300x225.jpeg\" alt=\"\" width=\"300\" height=\"225\" srcset=\"https:\/\/blogs2.abo.fi\/vocalis\/wp-content\/uploads\/sites\/59\/2018\/02\/15C3BB05-1F59-4466-8D62-5D69CBCC44DC-300x225.jpeg 300w, https:\/\/blogs2.abo.fi\/vocalis\/wp-content\/uploads\/sites\/59\/2018\/02\/15C3BB05-1F59-4466-8D62-5D69CBCC44DC-768x576.jpeg 768w, https:\/\/blogs2.abo.fi\/vocalis\/wp-content\/uploads\/sites\/59\/2018\/02\/15C3BB05-1F59-4466-8D62-5D69CBCC44DC-1024x768.jpeg 1024w, https:\/\/blogs2.abo.fi\/vocalis\/wp-content\/uploads\/sites\/59\/2018\/02\/15C3BB05-1F59-4466-8D62-5D69CBCC44DC-624x468.jpeg 624w, https:\/\/blogs2.abo.fi\/vocalis\/wp-content\/uploads\/sites\/59\/2018\/02\/15C3BB05-1F59-4466-8D62-5D69CBCC44DC.jpeg 1600w\" sizes=\"auto, (max-width: 300px) 100vw, 300px\" \/><p id=\"caption-attachment-246\" class=\"wp-caption-text\">Stysse18&lt;3<\/p><\/div>\n","protected":false},"excerpt":{"rendered":"<p>Den 13.2 var det dags f\u00f6r fastlaskiainen. Vocalis deltog f\u00f6r f\u00f6rsta g\u00e5ngen n\u00e5gonsin (!) i pulkat\u00e4vlingen, som ordnades p\u00e5 v\u00e5rdberget. V\u00e5r pulka f\u00f6rest\u00e4llde v\u00e5r logo, en mun med en tunga. Vi tog oss ner helskinnade (ingen f\u00f6ll i backen) och &hellip; <a href=\"https:\/\/blogs2.abo.fi\/vocalis\/2018\/02\/16\/fastlaskiainen2018\/\">Forts\u00e4tt l\u00e4sa <span class=\"meta-nav\">&rarr;<\/span><\/a><\/p>\n","protected":false},"author":388,"featured_media":0,"comment_status":"open","ping_status":"open","sticky":false,"template":"","format":"standard","meta":{"footnotes":""},"categories":[1],"tags":[],"class_list":["post-243","post","type-post","status-publish","format-standard","hentry","category-annat"],"_links":{"self":[{"href":"https:\/\/blogs2.abo.fi\/vocalis\/wp-json\/wp\/v2\/posts\/243","targetHints":{"allow":["GET"]}}],"collection":[{"href":"https:\/\/blogs2.abo.fi\/vocalis\/wp-json\/wp\/v2\/posts"}],"about":[{"href":"https:\/\/blogs2.abo.fi\/vocalis\/wp-json\/wp\/v2\/types\/post"}],"author":[{"embeddable":true,"href":"https:\/\/blogs2.abo.fi\/vocalis\/wp-json\/wp\/v2\/users\/388"}],"replies":[{"embeddable":true,"href":"https:\/\/blogs2.abo.fi\/vocalis\/wp-json\/wp\/v2\/comments?post=243"}],"version-history":[{"count":1,"href":"https:\/\/blogs2.abo.fi\/vocalis\/wp-json\/wp\/v2\/posts\/243\/revisions"}],"predecessor-version":[{"id":247,"href":"https:\/\/blogs2.abo.fi\/vocalis\/wp-json\/wp\/v2\/posts\/243\/revisions\/247"}],"wp:attachment":[{"href":"https:\/\/blogs2.abo.fi\/vocalis\/wp-json\/wp\/v2\/media?parent=243"}],"wp:term":[{"taxonomy":"category","embeddable":true,"href":"https:\/\/blogs2.abo.fi\/vocalis\/wp-json\/wp\/v2\/categories?post=243"},{"taxonomy":"post_tag","embeddable":true,"href":"https:\/\/blogs2.abo.fi\/vocalis\/wp-json\/wp\/v2\/tags?post=243"}],"curies":[{"name":"wp","href":"https:\/\/api.w.org\/{rel}","templated":true}]}}