{"id":199,"date":"2017-09-20T15:46:17","date_gmt":"2017-09-20T13:46:17","guid":{"rendered":"http:\/\/blogs2.abo.fi\/vocalis\/?p=199"},"modified":"2017-09-21T07:39:59","modified_gmt":"2017-09-21T05:39:59","slug":"gulis-gamyl-kvall","status":"publish","type":"post","link":"https:\/\/blogs2.abo.fi\/vocalis\/2017\/09\/20\/gulis-gamyl-kvall\/","title":{"rendered":"Gulis &#8211; gamyl kv\u00e4ll"},"content":{"rendered":"<p>16.10 ordnar vi ett tillf\u00e4lle f\u00f6r alla gulisar och gamyler f\u00f6r att l\u00e4ra k\u00e4nna varandra. Mer info kommer inom kort. \ud83d\ude42<\/p>\n<p>&nbsp;<\/p>\n","protected":false},"excerpt":{"rendered":"<p>16.10 ordnar vi ett tillf\u00e4lle f\u00f6r alla gulisar och gamyler f\u00f6r att l\u00e4ra k\u00e4nna varandra. Mer info kommer inom kort. \ud83d\ude42 &nbsp;<\/p>\n","protected":false},"author":335,"featured_media":0,"comment_status":"open","ping_status":"open","sticky":false,"template":"","format":"standard","meta":{"footnotes":""},"categories":[1,8],"tags":[],"class_list":["post-199","post","type-post","status-publish","format-standard","hentry","category-annat","category-evenemang"],"_links":{"self":[{"href":"https:\/\/blogs2.abo.fi\/vocalis\/wp-json\/wp\/v2\/posts\/199","targetHints":{"allow":["GET"]}}],"collection":[{"href":"https:\/\/blogs2.abo.fi\/vocalis\/wp-json\/wp\/v2\/posts"}],"about":[{"href":"https:\/\/blogs2.abo.fi\/vocalis\/wp-json\/wp\/v2\/types\/post"}],"author":[{"embeddable":true,"href":"https:\/\/blogs2.abo.fi\/vocalis\/wp-json\/wp\/v2\/users\/335"}],"replies":[{"embeddable":true,"href":"https:\/\/blogs2.abo.fi\/vocalis\/wp-json\/wp\/v2\/comments?post=199"}],"version-history":[{"count":2,"href":"https:\/\/blogs2.abo.fi\/vocalis\/wp-json\/wp\/v2\/posts\/199\/revisions"}],"predecessor-version":[{"id":202,"href":"https:\/\/blogs2.abo.fi\/vocalis\/wp-json\/wp\/v2\/posts\/199\/revisions\/202"}],"wp:attachment":[{"href":"https:\/\/blogs2.abo.fi\/vocalis\/wp-json\/wp\/v2\/media?parent=199"}],"wp:term":[{"taxonomy":"category","embeddable":true,"href":"https:\/\/blogs2.abo.fi\/vocalis\/wp-json\/wp\/v2\/categories?post=199"},{"taxonomy":"post_tag","embeddable":true,"href":"https:\/\/blogs2.abo.fi\/vocalis\/wp-json\/wp\/v2\/tags?post=199"}],"curies":[{"name":"wp","href":"https:\/\/api.w.org\/{rel}","templated":true}]}}