{"id":132,"date":"2017-04-11T09:33:42","date_gmt":"2017-04-11T07:33:42","guid":{"rendered":"http:\/\/blogs2.abo.fi\/vocalis\/?p=132"},"modified":"2017-04-11T09:33:42","modified_gmt":"2017-04-11T07:33:42","slug":"sits-med-ki","status":"publish","type":"post","link":"https:\/\/blogs2.abo.fi\/vocalis\/2017\/04\/11\/sits-med-ki\/","title":{"rendered":"Sits med KI"},"content":{"rendered":"<p>Kom med och sitsa med v\u00e5ra v\u00e4nner fr\u00e5n KI fre 28.4 kl 19. \u00a0Mera info kommer senare, men boka in datumet i kalendern och kom med och tjuvstarta vappenfirande \ud83d\ude09<\/p>\n<p><a href=\"https:\/\/www.facebook.com\/events\/123371934872234\/\" target=\"_blank\">Facebookevenemanget <\/a>hittar ni h\u00e4r!\u00a0<img loading=\"lazy\" decoding=\"async\" class=\"alignnone size-medium wp-image-133\" src=\"http:\/\/blogs2.abo.fi\/vocalis\/wp-content\/uploads\/sites\/59\/2017\/04\/fi-sve-300x260.jpg\" alt=\"\" width=\"300\" height=\"260\" srcset=\"https:\/\/blogs2.abo.fi\/vocalis\/wp-content\/uploads\/sites\/59\/2017\/04\/fi-sve-300x260.jpg 300w, https:\/\/blogs2.abo.fi\/vocalis\/wp-content\/uploads\/sites\/59\/2017\/04\/fi-sve.jpg 400w\" sizes=\"auto, (max-width: 300px) 100vw, 300px\" \/><\/p>\n","protected":false},"excerpt":{"rendered":"<p>Kom med och sitsa med v\u00e5ra v\u00e4nner fr\u00e5n KI fre 28.4 kl 19. \u00a0Mera info kommer senare, men boka in datumet i kalendern och kom med och tjuvstarta vappenfirande \ud83d\ude09 Facebookevenemanget hittar ni h\u00e4r!\u00a0<\/p>\n","protected":false},"author":335,"featured_media":0,"comment_status":"open","ping_status":"open","sticky":false,"template":"","format":"standard","meta":{"footnotes":""},"categories":[8],"tags":[],"class_list":["post-132","post","type-post","status-publish","format-standard","hentry","category-evenemang"],"_links":{"self":[{"href":"https:\/\/blogs2.abo.fi\/vocalis\/wp-json\/wp\/v2\/posts\/132","targetHints":{"allow":["GET"]}}],"collection":[{"href":"https:\/\/blogs2.abo.fi\/vocalis\/wp-json\/wp\/v2\/posts"}],"about":[{"href":"https:\/\/blogs2.abo.fi\/vocalis\/wp-json\/wp\/v2\/types\/post"}],"author":[{"embeddable":true,"href":"https:\/\/blogs2.abo.fi\/vocalis\/wp-json\/wp\/v2\/users\/335"}],"replies":[{"embeddable":true,"href":"https:\/\/blogs2.abo.fi\/vocalis\/wp-json\/wp\/v2\/comments?post=132"}],"version-history":[{"count":1,"href":"https:\/\/blogs2.abo.fi\/vocalis\/wp-json\/wp\/v2\/posts\/132\/revisions"}],"predecessor-version":[{"id":134,"href":"https:\/\/blogs2.abo.fi\/vocalis\/wp-json\/wp\/v2\/posts\/132\/revisions\/134"}],"wp:attachment":[{"href":"https:\/\/blogs2.abo.fi\/vocalis\/wp-json\/wp\/v2\/media?parent=132"}],"wp:term":[{"taxonomy":"category","embeddable":true,"href":"https:\/\/blogs2.abo.fi\/vocalis\/wp-json\/wp\/v2\/categories?post=132"},{"taxonomy":"post_tag","embeddable":true,"href":"https:\/\/blogs2.abo.fi\/vocalis\/wp-json\/wp\/v2\/tags?post=132"}],"curies":[{"name":"wp","href":"https:\/\/api.w.org\/{rel}","templated":true}]}}