{"id":5370,"date":"2023-07-03T14:10:56","date_gmt":"2023-07-03T14:10:56","guid":{"rendered":"https:\/\/blogs2.abo.fi\/laslust\/?p=5370"},"modified":"2023-07-03T14:10:56","modified_gmt":"2023-07-03T14:10:56","slug":"kristina-appelqvist-flickan-framfor-muren","status":"publish","type":"post","link":"https:\/\/blogs2.abo.fi\/laslust\/2023\/07\/03\/kristina-appelqvist-flickan-framfor-muren\/","title":{"rendered":"Kristina Appelqvist: Flickan framf\u00f6r muren"},"content":{"rendered":"<p><a href=\"http:\/\/blogs2.abo.fi\/laslust\/wp-content\/uploads\/sites\/13\/2023\/06\/1-2.jpg\"><img loading=\"lazy\" decoding=\"async\" class=\"alignright size-full wp-image-5371\" src=\"http:\/\/blogs2.abo.fi\/laslust\/wp-content\/uploads\/sites\/13\/2023\/06\/1-2.jpg\" alt=\"\" width=\"182\" height=\"277\" \/><\/a>Kristina Appelqvist: <em>Flickan framf\u00f6r muren.<\/em> 2015<br \/>\nE-bok (\u00c5AB)<\/p>\n<p>En omstridd tysk professor ska utses till hedersdoktor vid V\u00e4stg\u00f6ta universitet. D\u00e5 promotionsh\u00f6gtiden n\u00e4rmar sig \u00f6kar dramatiken eftersom universitetets rektor hotas till livet. Trots massiv polisbevakning slutar ceremonin i en ov\u00e4ntad mardr\u00f6m.N\u00e4r litteraturforskaren Helena Waller uppt\u00e4cker att en n\u00e4ra kollega burit p\u00e5 en m\u00f6rk hemlighet ger hon sig in i jakten p\u00e5 en samvetsl\u00f6s m\u00f6rdare. S\u00f6kandet i det f\u00f6rflutna f\u00f6r henne \u00e4nda till Berlin och tiden f\u00f6re murens fall.<\/p>\n","protected":false},"excerpt":{"rendered":"<p>Kristina Appelqvist: Flickan framf\u00f6r muren. 2015 E-bok (\u00c5AB) En omstridd tysk professor ska utses till hedersdoktor vid V\u00e4stg\u00f6ta universitet. D\u00e5 promotionsh\u00f6gtiden n\u00e4rmar sig \u00f6kar dramatiken eftersom universitetets rektor hotas till livet. Trots massiv polisbevakning slutar ceremonin i en ov\u00e4ntad mardr\u00f6m.N\u00e4r &hellip; <a href=\"https:\/\/blogs2.abo.fi\/laslust\/2023\/07\/03\/kristina-appelqvist-flickan-framfor-muren\/\">Forts\u00e4tt l\u00e4sa <span class=\"meta-nav\">&rarr;<\/span><\/a><\/p>\n","protected":false},"author":7,"featured_media":0,"comment_status":"open","ping_status":"open","sticky":false,"template":"","format":"standard","meta":{"footnotes":""},"categories":[14,67,505,800,10],"tags":[120],"class_list":["post-5370","post","type-post","status-publish","format-standard","hentry","category-deckare","category-e-bok","category-land-dar-utspelas-sverige","category-last-lyssnat-2023","category-svensksprakig","tag-kristina-appelqvist"],"_links":{"self":[{"href":"https:\/\/blogs2.abo.fi\/laslust\/wp-json\/wp\/v2\/posts\/5370","targetHints":{"allow":["GET"]}}],"collection":[{"href":"https:\/\/blogs2.abo.fi\/laslust\/wp-json\/wp\/v2\/posts"}],"about":[{"href":"https:\/\/blogs2.abo.fi\/laslust\/wp-json\/wp\/v2\/types\/post"}],"author":[{"embeddable":true,"href":"https:\/\/blogs2.abo.fi\/laslust\/wp-json\/wp\/v2\/users\/7"}],"replies":[{"embeddable":true,"href":"https:\/\/blogs2.abo.fi\/laslust\/wp-json\/wp\/v2\/comments?post=5370"}],"version-history":[{"count":2,"href":"https:\/\/blogs2.abo.fi\/laslust\/wp-json\/wp\/v2\/posts\/5370\/revisions"}],"predecessor-version":[{"id":5379,"href":"https:\/\/blogs2.abo.fi\/laslust\/wp-json\/wp\/v2\/posts\/5370\/revisions\/5379"}],"wp:attachment":[{"href":"https:\/\/blogs2.abo.fi\/laslust\/wp-json\/wp\/v2\/media?parent=5370"}],"wp:term":[{"taxonomy":"category","embeddable":true,"href":"https:\/\/blogs2.abo.fi\/laslust\/wp-json\/wp\/v2\/categories?post=5370"},{"taxonomy":"post_tag","embeddable":true,"href":"https:\/\/blogs2.abo.fi\/laslust\/wp-json\/wp\/v2\/tags?post=5370"}],"curies":[{"name":"wp","href":"https:\/\/api.w.org\/{rel}","templated":true}]}}