{"id":294,"date":"2015-04-12T17:48:36","date_gmt":"2015-04-12T17:48:36","guid":{"rendered":"http:\/\/blogs2.abo.fi\/laslust\/?p=294"},"modified":"2015-04-12T17:50:25","modified_gmt":"2015-04-12T17:50:25","slug":"294","status":"publish","type":"post","link":"https:\/\/blogs2.abo.fi\/laslust\/2015\/04\/12\/294\/","title":{"rendered":"Peter Englund: Silvermasken"},"content":{"rendered":"<p>Peter Englund: <em>Silvermasken<\/em><a href=\"http:\/\/blogs2.abo.fi\/laslust\/wp-content\/uploads\/sites\/13\/2015\/04\/silvermasken.jpg\"><img loading=\"lazy\" decoding=\"async\" class=\"alignright size-full wp-image-295\" src=\"http:\/\/blogs2.abo.fi\/laslust\/wp-content\/uploads\/sites\/13\/2015\/04\/silvermasken.jpg\" alt=\"silvermasken\" width=\"93\" height=\"150\" \/><\/a>. 2006<br \/>\nCD-bok (6 skivor)<br \/>\nUppl\u00e4sare: Peter Englund<\/p>\n<p>Boken ber\u00e4ttar om drottning Kristina (<span class=\"st\">1626 1689) &#8211; silvermasken h\u00e4nvisar till den mask som hon kl\u00e4ddes i d\u00e5 hon begrovs. Liksom m\u00e5nga andra regenter har ocks\u00e5 hennes grav \u00f6ppnats senare.<br \/>\nJag hade b\u00f6rjar lyssna p\u00e5 boken redan f\u00f6d\u00e5 vi k\u00f6pte den f\u00f6r flera \u00e5r sedan, men d\u00e5 blev jag bara sur p\u00e5 henne f\u00f6r att hon svek Sverige (:-)). Nu var jag p\u00e5 min f\u00f6delsedag p\u00e5 utst\u00e4llningen om Flickdrottningen p\u00e5 \u00c5bo slott, som ber\u00e4ttar b\u00e5de om filmatiseringen i \u00c5bo av Kaurism\u00e4kis film &#8221;Gilr King&#8221;<\/span> och om drottning Kristina i allm\u00e4nhet. D\u00e5 blev jag inspirerad av att ocks\u00e5 lyssna p\u00e5 boken, och nu tyckte jag den var bra &#8211; och som vanligt var det ju trevligt att f\u00f6rfattaren sj\u00e4lv l\u00e4ste (och Peter Englund lyssnar man g\u00e4rna till annars ocks\u00e5).<\/p>\n","protected":false},"excerpt":{"rendered":"<p>Peter Englund: Silvermasken. 2006 CD-bok (6 skivor) Uppl\u00e4sare: Peter Englund Boken ber\u00e4ttar om drottning Kristina (1626 1689) &#8211; silvermasken h\u00e4nvisar till den mask som hon kl\u00e4ddes i d\u00e5 hon begrovs. Liksom m\u00e5nga andra regenter har ocks\u00e5 hennes grav \u00f6ppnats senare. &hellip; <a href=\"https:\/\/blogs2.abo.fi\/laslust\/2015\/04\/12\/294\/\">Forts\u00e4tt l\u00e4sa <span class=\"meta-nav\">&rarr;<\/span><\/a><\/p>\n","protected":false},"author":7,"featured_media":0,"comment_status":"open","ping_status":"open","sticky":false,"template":"","format":"standard","meta":{"footnotes":""},"categories":[5,56,55,4,10],"tags":[108],"class_list":["post-294","post","type-post","status-publish","format-standard","hentry","category-biografi","category-filmteater","category-ljudbok","category-4","category-svensksprakig","tag-peter-englund"],"_links":{"self":[{"href":"https:\/\/blogs2.abo.fi\/laslust\/wp-json\/wp\/v2\/posts\/294","targetHints":{"allow":["GET"]}}],"collection":[{"href":"https:\/\/blogs2.abo.fi\/laslust\/wp-json\/wp\/v2\/posts"}],"about":[{"href":"https:\/\/blogs2.abo.fi\/laslust\/wp-json\/wp\/v2\/types\/post"}],"author":[{"embeddable":true,"href":"https:\/\/blogs2.abo.fi\/laslust\/wp-json\/wp\/v2\/users\/7"}],"replies":[{"embeddable":true,"href":"https:\/\/blogs2.abo.fi\/laslust\/wp-json\/wp\/v2\/comments?post=294"}],"version-history":[{"count":3,"href":"https:\/\/blogs2.abo.fi\/laslust\/wp-json\/wp\/v2\/posts\/294\/revisions"}],"predecessor-version":[{"id":298,"href":"https:\/\/blogs2.abo.fi\/laslust\/wp-json\/wp\/v2\/posts\/294\/revisions\/298"}],"wp:attachment":[{"href":"https:\/\/blogs2.abo.fi\/laslust\/wp-json\/wp\/v2\/media?parent=294"}],"wp:term":[{"taxonomy":"category","embeddable":true,"href":"https:\/\/blogs2.abo.fi\/laslust\/wp-json\/wp\/v2\/categories?post=294"},{"taxonomy":"post_tag","embeddable":true,"href":"https:\/\/blogs2.abo.fi\/laslust\/wp-json\/wp\/v2\/tags?post=294"}],"curies":[{"name":"wp","href":"https:\/\/api.w.org\/{rel}","templated":true}]}}