{"id":13,"date":"2019-10-24T12:56:39","date_gmt":"2019-10-24T09:56:39","guid":{"rendered":"http:\/\/blogs2.abo.fi\/kontinuerligtlarande\/?p=13"},"modified":"2019-10-31T08:01:48","modified_gmt":"2019-10-31T06:01:48","slug":"bengt-beijar-vi-har-alltid-rad-med-mera-kunskap","status":"publish","type":"post","link":"https:\/\/blogs2.abo.fi\/kontinuerligtlarande\/2019\/10\/24\/bengt-beijar-vi-har-alltid-rad-med-mera-kunskap\/","title":{"rendered":"Bengt Beijar: \u201cVi har alltid r\u00e5d med mera kunskap\u201d"},"content":{"rendered":"<h3><img loading=\"lazy\" decoding=\"async\" class=\"aligncenter wp-image-16 size-full\" src=\"http:\/\/blogs2.abo.fi\/kontinuerligtlarande\/wp-content\/uploads\/sites\/139\/2019\/10\/Bengt-Beijar-\u00c5A.jpg\" alt=\"Bengt Beijar framf\u00f6r \u00c5A\" width=\"1600\" height=\"1067\" srcset=\"https:\/\/blogs2.abo.fi\/kontinuerligtlarande\/wp-content\/uploads\/sites\/139\/2019\/10\/Bengt-Beijar-\u00c5A.jpg 1600w, https:\/\/blogs2.abo.fi\/kontinuerligtlarande\/wp-content\/uploads\/sites\/139\/2019\/10\/Bengt-Beijar-\u00c5A-300x200.jpg 300w, https:\/\/blogs2.abo.fi\/kontinuerligtlarande\/wp-content\/uploads\/sites\/139\/2019\/10\/Bengt-Beijar-\u00c5A-768x512.jpg 768w, https:\/\/blogs2.abo.fi\/kontinuerligtlarande\/wp-content\/uploads\/sites\/139\/2019\/10\/Bengt-Beijar-\u00c5A-1024x683.jpg 1024w, https:\/\/blogs2.abo.fi\/kontinuerligtlarande\/wp-content\/uploads\/sites\/139\/2019\/10\/Bengt-Beijar-\u00c5A-1568x1046.jpg 1568w\" sizes=\"auto, (max-width: 767px) 89vw, (max-width: 1000px) 54vw, (max-width: 1071px) 543px, 580px\" \/><\/h3>\n<p><strong><br \/>\nDet \u00e4r ingalunda okomplicerade tider f\u00f6r den finl\u00e4ndska social- och h\u00e4lsov\u00e5rdssektorn, men styrelseproffset Bengt Beijar tror att kunskap, diskussion och kontinuerligt l\u00e4rande banar v\u00e4gen fram\u00e5t.<\/strong><\/p>\n<p>Han har m\u00e5nga ben att st\u00e5 p\u00e5 n\u00e4r finl\u00e4ndsk v\u00e5rd diskuteras. Bengt Beijars erfarenheter inom social- och h\u00e4lsov\u00e5rd kommer delvis fr\u00e5n arbetslivet d\u00e4r han bland annat har haft styrelseuppdrag f\u00f6r Promedi, Kristina Medi, SydMedi och H\u00e4rm\u00e4Medi.<\/p>\n<p>I sitt nuvarande engagemang som ordf\u00f6rande i Landskapsf\u00f6reningen Folkh\u00e4lsan i \u00d6sterbotten och styrelsemedlemskapen i Samfundet Folkh\u00e4lsan och F\u00f6rbundet Folkh\u00e4lsan kommer han ocks\u00e5 i n\u00e4ra kontakt med socialv\u00e5rden och h\u00e4lsov\u00e5rden.<\/p>\n<p>Men v\u00e5rden har styrelseproffset och f\u00f6retagaren Beijar ocks\u00e5 f\u00e5tt bekanta sig med p\u00e5 n\u00e4ra h\u00e5ll. 2015 insjuknade han sj\u00e4lv i prostatacancer. Sedan m\u00e5nga \u00e5r tillbaka \u00e4r han \u00e4ven n\u00e4rst\u00e5endev\u00e5rdare \u00e5t sin fru som insjuknade i MS redan 1998.<\/p>\n<p>\u2013 Det har varit l\u00e4rorikt att se v\u00e5rdkedjan ur flera perspektiv. Dels som styrelseproffs ovanifr\u00e5n och dels som patient och anh\u00f6rig. Det \u00e4r m\u00e5nga nya insikter jag har tack vare erfarenheter ur b\u00e5da l\u00e4ger.<\/p>\n<p>\u2013 De m\u00e4nskliga relationerna \u00e4r det som g\u00f6r v\u00e5rden intressant, men n\u00e4r man sj\u00e4lv \u00e4r sjuk uppskattar man ocks\u00e5 snabbhet. Jag v\u00e5rdades privat n\u00e4r jag sj\u00e4lv fick cancer och d\u00e5 uppskattade jag verkligen att det gick snabbt mellan unders\u00f6kning, uppt\u00e4ckt och behandling.<\/p>\n<p>N\u00e4r en patient k\u00e4nner sig omh\u00e4ndertagen och det finns resurser att hj\u00e4lpa &#8211; s\u00e5 l\u00e5ter det n\u00e4r Bengt Beijar definierar god v\u00e5rd.<\/p>\n<p>\u2013 En person jag k\u00e4nner fick ett trycks\u00e5r i mars 2018. N\u00e5gonting \u00e4r fel i k\u00f6systemet n\u00e4r det tar 1,5 \u00e5r att \u00e5tg\u00e4rda ett s\u00e5r som nu \u00e4r 6 cm och g\u00e5r \u00e4nda ner till skelettet. Mycket \u00e4r utmanande inom v\u00e5rden just nu. K\u00f6er, att kommuner f\u00e5r b\u00f6ter f\u00f6r att man har f\u00f6r l\u00e5nga k\u00f6er, arbetskraftsbrist och en \u00e5ldrande befolkning f\u00f6r att n\u00e4mna n\u00e5gra.<\/p>\n<p><strong>\u00c4nd\u00e5 ser Beijar f\u00f6rsiktigt positivt p\u00e5 framtiden.<\/strong><\/p>\n<p>\u2013 Det var olyckligt att just \u00d6sterbotten blev offer f\u00f6r v\u00e5rens v\u00e5rdskandal, men samtidigt tror jag det var en \u00f6gon\u00f6ppnare f\u00f6r m\u00e5nga politiker. Det blev bland annat starten p\u00e5 en viktig diskussion om att \u00f6ka v\u00e5rdresursen fr\u00e5n 0,5 till 0,7 per klient.<\/p>\n<p>\u2013 Jag har sj\u00e4lv jobbat mycket med kvalitetss\u00e4kringssystemet ISO 9000 och jag var sj\u00e4lv f\u00f6retagsledare n\u00e4r vi skulle inf\u00f6ra det. De h\u00e4r fr\u00e5gorna \u00e4r st\u00e4ndigt aktuella i hela samh\u00e4llet, men i synnerhet inom social- och h\u00e4lsov\u00e5rdssektorn. N\u00e4r g\u00f6r vi misstag? Vilka fel har vi gjort och hur ska vi undvika att de upprepa?\u201d Noll fel ska alltid vara m\u00e5ls\u00e4ttningen.<\/p>\n<p><strong>Kunskap \u00e4r avg\u00f6rande n\u00e4r det kommer till att utveckla finl\u00e4ndsk v\u00e5rd i framtiden.<\/strong><\/p>\n<p>\u2013 Vi beh\u00f6ver alltid ligga tv\u00e5 steg f\u00f6re. Det finns ett outt\u00f6mt behov av kompetenta v\u00e5rdare p\u00e5 olika niv\u00e5er. Och alla ska ska utbildas kontinuerligt under sin yrkesverksamma period. F\u00f6rutom att v\u00e5ra v\u00e5rdare ska f\u00e5 utbildning beh\u00f6ver de ocks\u00e5 f\u00e5 stabilitet i vardagen. Vi kan inte l\u00e4ngre r\u00e4cka med att det \u201c\u00e4r ett kall\u201d att jobba inom v\u00e5rden. Vi m\u00e5ste locka med annat i dag.<\/p>\n<p>\u2013 Jag ser ocks\u00e5 att digitaliseringen \u00e4r en stor m\u00f6jlighet i framtiden. H\u00e4r kommer att finnas IT-jobb f\u00f6r de som kan bygga anv\u00e4ndarv\u00e4nliga system. Vad har vi f\u00f6r behov? Vad allt kan man digitalisera? M\u00f6jligheterna \u00e4r m\u00e5nga n\u00e4r digitaliseringen ska konkretiseras &#8211; och det g\u00e4ller hela samh\u00e4llet!<\/p>\n<p>Bengt Beijar \u00e4r sj\u00e4lv utbildad merkonom, men har under \u00e5ren byggt p\u00e5 med otaliga kurser och fortbildningar som hans uppdrag har kr\u00e4vt.<\/p>\n<p>\u2013 Jag tror p\u00e5 sj\u00e4lvutveckling och att alla ska f\u00e5 v\u00e4xa. Det finl\u00e4ndska samh\u00e4llet har utvecklats massor tack vare god utbildning. Jag har sj\u00e4lv byggt p\u00e5 med bland annat spr\u00e5kkunskaper, ledarskapsutbildningar och psykologikurser. Alla branscher beh\u00f6ver st\u00e4ndigt ny kunskap.<\/p>\n<p>\u2013 M\u00e5nga mindre f\u00f6retag kanske tror att de inte har r\u00e5d att skicka folk p\u00e5 utbildning, men ingen \u00e4r s\u00e5 oers\u00e4ttlig att man inte kan skicka iv\u00e4g personen p\u00e5 en kurs. Jag tror att vi alltid har r\u00e5d med mer kunskap.<\/p>\n<hr \/>\n<h6>Hur g\u00f6r vi Finland till en f\u00f6reg\u00e5ngare inom social- och h\u00e4lsov\u00e5rd?<\/h6>\n<p>\u00c5bo Akademi fr\u00e4mjar kontinuerligt l\u00e4rande och erbjuder kompetensutveckling f\u00f6r personal inom social- och h\u00e4lsov\u00e5rdssektorn. Kom med och utveckla din kompetens f\u00f6r att svara mot nya krav p\u00e5 nya serviceformer och arbetss\u00e4tt, kvalitetsledning inom \u00e4ldrev\u00e5rd och \u2013omsorg, digitalisering, flerspr\u00e5kighet och andra samh\u00e4lleliga f\u00f6r\u00e4ndringar.<\/p>\n<p>\u00c5bo Akademi arrangerar kompetensh\u00f6jande kurshelheter inom v\u00e4lf\u00e4rdsteknologi, kvalitetsledning och spr\u00e5ket som ett centralt verktyg i v\u00e5rd- och omsorgsarbete. Kurserna ordnas i Vasa 2019\u20132020.<\/p>\n<h6><strong><a href=\"https:\/\/www.abo.fi\/centret-for-livslangt-larande\/social-och-halsovard\/ffff-kontinuerligt-larande\/\">H\u00e4r kan du l\u00e4sa mera.<\/a><\/strong><\/h6>\n","protected":false},"excerpt":{"rendered":"<p>Det \u00e4r ingalunda okomplicerade tider f\u00f6r den finl\u00e4ndska social- och h\u00e4lsov\u00e5rdssektorn, men styrelseproffset Bengt Beijar tror att kunskap, diskussion och kontinuerligt l\u00e4rande banar v\u00e4gen fram\u00e5t. Han har m\u00e5nga ben att st\u00e5 p\u00e5 n\u00e4r finl\u00e4ndsk v\u00e5rd diskuteras. Bengt Beijars erfarenheter inom social- och h\u00e4lsov\u00e5rd kommer delvis fr\u00e5n arbetslivet d\u00e4r han bland annat har haft styrelseuppdrag f\u00f6r &hellip; <\/p>\n<p class=\"link-more\"><a href=\"https:\/\/blogs2.abo.fi\/kontinuerligtlarande\/2019\/10\/24\/bengt-beijar-vi-har-alltid-rad-med-mera-kunskap\/\" class=\"more-link\">Forts\u00e4tt l\u00e4sa<span class=\"screen-reader-text\"> \u201dBengt Beijar: \u201cVi har alltid r\u00e5d med mera kunskap\u201d\u201d<\/span><\/a><\/p>\n","protected":false},"author":495,"featured_media":0,"comment_status":"open","ping_status":"open","sticky":false,"template":"","format":"standard","meta":{"footnotes":""},"categories":[1],"tags":[8,5,4,6],"class_list":["post-13","post","type-post","status-publish","format-standard","hentry","category-uncategorized","tag-bengt-beijar","tag-cll","tag-ffff","tag-kontinuerligt-larande"],"_links":{"self":[{"href":"https:\/\/blogs2.abo.fi\/kontinuerligtlarande\/wp-json\/wp\/v2\/posts\/13","targetHints":{"allow":["GET"]}}],"collection":[{"href":"https:\/\/blogs2.abo.fi\/kontinuerligtlarande\/wp-json\/wp\/v2\/posts"}],"about":[{"href":"https:\/\/blogs2.abo.fi\/kontinuerligtlarande\/wp-json\/wp\/v2\/types\/post"}],"author":[{"embeddable":true,"href":"https:\/\/blogs2.abo.fi\/kontinuerligtlarande\/wp-json\/wp\/v2\/users\/495"}],"replies":[{"embeddable":true,"href":"https:\/\/blogs2.abo.fi\/kontinuerligtlarande\/wp-json\/wp\/v2\/comments?post=13"}],"version-history":[{"count":12,"href":"https:\/\/blogs2.abo.fi\/kontinuerligtlarande\/wp-json\/wp\/v2\/posts\/13\/revisions"}],"predecessor-version":[{"id":76,"href":"https:\/\/blogs2.abo.fi\/kontinuerligtlarande\/wp-json\/wp\/v2\/posts\/13\/revisions\/76"}],"wp:attachment":[{"href":"https:\/\/blogs2.abo.fi\/kontinuerligtlarande\/wp-json\/wp\/v2\/media?parent=13"}],"wp:term":[{"taxonomy":"category","embeddable":true,"href":"https:\/\/blogs2.abo.fi\/kontinuerligtlarande\/wp-json\/wp\/v2\/categories?post=13"},{"taxonomy":"post_tag","embeddable":true,"href":"https:\/\/blogs2.abo.fi\/kontinuerligtlarande\/wp-json\/wp\/v2\/tags?post=13"}],"curies":[{"name":"wp","href":"https:\/\/api.w.org\/{rel}","templated":true}]}}