{"id":196,"date":"2019-04-02T10:29:29","date_gmt":"2019-04-02T08:29:29","guid":{"rendered":"http:\/\/blogs2.abo.fi\/hyvinvoivahoiva\/?p=196"},"modified":"2019-04-09T13:57:55","modified_gmt":"2019-04-09T11:57:55","slug":"nytt-projekt-om-arbetsvalmaende-inom-aldreomsorgstjanster","status":"publish","type":"post","link":"https:\/\/blogs2.abo.fi\/hyvinvoivahoiva\/2019\/04\/02\/nytt-projekt-om-arbetsvalmaende-inom-aldreomsorgstjanster\/","title":{"rendered":"Nytt projekt om arbetsv\u00e4lm\u00e5ende inom \u00e4ldreomsorgstj\u00e4nster"},"content":{"rendered":"<p>HYVINVOIVA HOIVA \u2013 V\u00c4LM\u00c5ENDE OMSORG \u00e4r ett nytt projekt med verksamhet inom social- och h\u00e4lsov\u00e5rdssektorn.<\/p>\n<p>Projektet har som m\u00e5l att fr\u00e4mja v\u00e4lm\u00e5ende i arbetet och fr\u00e4mja f\u00f6r\u00e4ndringsberedskapen bland personal inom \u00e4ldreomsorgen, att utveckla personalens kunnande och arbetsprocesser med hj\u00e4lp av Lean- och tj\u00e4nstedesignmetoder, samt att st\u00f6da personalens och de \u00e5ldrande klienternas v\u00e4lm\u00e5ende genom att fr\u00e4mja personalens och f\u00f6rm\u00e4nnens utvecklingsberedskap.<\/p>\n<p>Projektet genomf\u00f6rs av \u00c5bo Akademi\/Centret f\u00f6r livsl\u00e5ngt l\u00e4rande (projektkoordinator), Tampereen yliopisto\/Johtamisen ja talouden tiedekunta, Laurea-ammattikorkeakoulu och Yrkesh\u00f6gskolan Novia.<\/p>\n<p>Projektet \u00e4r tv\u00e5spr\u00e5kigt och riktar sig till \u00e4ldreomsorgsenheter i Birkaland, \u00d6sterbotten, Egentliga Finland och Nyland.<\/p>\n<p>Projekttiden \u00e4r 1.1.2019\u201331.12.2021 och finansi\u00e4r \u00e4r Social- och h\u00e4lsov\u00e5rdsministeriet med delfinansiering fr\u00e5n Europeiska socialfonden.<\/p>\n","protected":false},"excerpt":{"rendered":"<p>HYVINVOIVA HOIVA \u2013 V\u00c4LM\u00c5ENDE OMSORG \u00e4r ett nytt projekt med verksamhet inom social- och h\u00e4lsov\u00e5rdssektorn. Projektet har som m\u00e5l att fr\u00e4mja v\u00e4lm\u00e5ende i arbetet och fr\u00e4mja f\u00f6r\u00e4ndringsberedskapen bland personal inom \u00e4ldreomsorgen, att utveckla personalens kunnande och arbetsprocesser med hj\u00e4lp av &hellip; <a href=\"https:\/\/blogs2.abo.fi\/hyvinvoivahoiva\/2019\/04\/02\/nytt-projekt-om-arbetsvalmaende-inom-aldreomsorgstjanster\/\">Forts\u00e4tt l\u00e4sa <span class=\"meta-nav\">&rarr;<\/span><\/a><\/p>\n","protected":false},"author":469,"featured_media":0,"comment_status":"closed","ping_status":"closed","sticky":false,"template":"","format":"standard","meta":{"footnotes":""},"categories":[4],"tags":[],"class_list":["post-196","post","type-post","status-publish","format-standard","hentry","category-svenska-nyheter"],"_links":{"self":[{"href":"https:\/\/blogs2.abo.fi\/hyvinvoivahoiva\/wp-json\/wp\/v2\/posts\/196","targetHints":{"allow":["GET"]}}],"collection":[{"href":"https:\/\/blogs2.abo.fi\/hyvinvoivahoiva\/wp-json\/wp\/v2\/posts"}],"about":[{"href":"https:\/\/blogs2.abo.fi\/hyvinvoivahoiva\/wp-json\/wp\/v2\/types\/post"}],"author":[{"embeddable":true,"href":"https:\/\/blogs2.abo.fi\/hyvinvoivahoiva\/wp-json\/wp\/v2\/users\/469"}],"replies":[{"embeddable":true,"href":"https:\/\/blogs2.abo.fi\/hyvinvoivahoiva\/wp-json\/wp\/v2\/comments?post=196"}],"version-history":[{"count":4,"href":"https:\/\/blogs2.abo.fi\/hyvinvoivahoiva\/wp-json\/wp\/v2\/posts\/196\/revisions"}],"predecessor-version":[{"id":271,"href":"https:\/\/blogs2.abo.fi\/hyvinvoivahoiva\/wp-json\/wp\/v2\/posts\/196\/revisions\/271"}],"wp:attachment":[{"href":"https:\/\/blogs2.abo.fi\/hyvinvoivahoiva\/wp-json\/wp\/v2\/media?parent=196"}],"wp:term":[{"taxonomy":"category","embeddable":true,"href":"https:\/\/blogs2.abo.fi\/hyvinvoivahoiva\/wp-json\/wp\/v2\/categories?post=196"},{"taxonomy":"post_tag","embeddable":true,"href":"https:\/\/blogs2.abo.fi\/hyvinvoivahoiva\/wp-json\/wp\/v2\/tags?post=196"}],"curies":[{"name":"wp","href":"https:\/\/api.w.org\/{rel}","templated":true}]}}