{"id":301,"date":"2024-01-31T14:01:17","date_gmt":"2024-01-31T12:01:17","guid":{"rendered":"https:\/\/blogs2.abo.fi\/habitability\/?p=301"},"modified":"2024-01-31T14:01:37","modified_gmt":"2024-01-31T12:01:37","slug":"ny-bok-om-skargarden-pa-kommande","status":"publish","type":"post","link":"https:\/\/blogs2.abo.fi\/habitability\/2024\/01\/31\/ny-bok-om-skargarden-pa-kommande\/","title":{"rendered":"Ny bok om sk\u00e4rg\u00e5rden p\u00e5 kommande"},"content":{"rendered":"<p><em>Text: Christian Plejel<\/em><\/p>\n<p><a href=\"http:\/\/blogs2.abo.fi\/habitability\/wp-content\/uploads\/sites\/219\/2024\/01\/Christians-bok.jpg\"><img loading=\"lazy\" decoding=\"async\" class=\"alignnone size-large wp-image-302\" src=\"http:\/\/blogs2.abo.fi\/habitability\/wp-content\/uploads\/sites\/219\/2024\/01\/Christians-bok-1024x647.jpg\" alt=\"\" width=\"525\" height=\"332\" srcset=\"https:\/\/blogs2.abo.fi\/habitability\/wp-content\/uploads\/sites\/219\/2024\/01\/Christians-bok-1024x647.jpg 1024w, https:\/\/blogs2.abo.fi\/habitability\/wp-content\/uploads\/sites\/219\/2024\/01\/Christians-bok-300x189.jpg 300w, https:\/\/blogs2.abo.fi\/habitability\/wp-content\/uploads\/sites\/219\/2024\/01\/Christians-bok-768x485.jpg 768w, https:\/\/blogs2.abo.fi\/habitability\/wp-content\/uploads\/sites\/219\/2024\/01\/Christians-bok-1536x970.jpg 1536w, https:\/\/blogs2.abo.fi\/habitability\/wp-content\/uploads\/sites\/219\/2024\/01\/Christians-bok.jpg 1772w\" sizes=\"auto, (max-width: 525px) 100vw, 525px\" \/><\/a>H\u00e4romdagen l\u00e4mnade jag manus till en bok i serien <em>European Essays on Landscape and Nature<\/em>. Min bok handlar om den sk\u00e4rg\u00e5rd jag bor i, fr\u00e5n Kotka i \u00f6ster till V\u00e4stervik i sydv\u00e4st. Sk\u00e4rg\u00e5rden \u00e4r \u00f6verg\u00f6dd, \u00f6verbefolkad under sommaren och underbefolkad om vintern, underfinansierad, \u00e5lderstigen, underrepresenterad och idealiserad. Kanske \u00e4r sk\u00e4rg\u00e5rden utrotningshotad?<\/p>\n<p>Jag beskriver naturlandskapet, det sociala landskapet och det tekniska landskapet \u2013 som jag ser dem fr\u00e5n min utg\u00e5ngspunkt p\u00e5 K\u00f6kar, mitt i sk\u00e4rg\u00e5rden. I bokens avslutande kapitel reser jag till \u00e5r 2040 och f\u00f6rs\u00f6ker fatta om den fortfarande \u00e4r bobar, d\u00e5.<\/p>\n<p>Och jo, jag \u00e4r optimist.<\/p>\n<p>Boken ges ut av Basebo f\u00f6rlag under v\u00e5ren 2024. <a href=\"https:\/\/www.baseboforlag.se\/skargard\/\" target=\"_blank\" rel=\"noopener\">Mera om boken Sk\u00e4rg\u00e5rd kan du l\u00e4sa p\u00e5 f\u00f6rlagets webbplats<\/a>.<\/p>\n<p>&nbsp;<\/p>\n","protected":false},"excerpt":{"rendered":"<p>Text: Christian Plejel H\u00e4romdagen l\u00e4mnade jag manus till en bok i serien European Essays on Landscape and Nature. Min bok handlar om den sk\u00e4rg\u00e5rd jag bor i, fr\u00e5n Kotka i \u00f6ster till V\u00e4stervik i sydv\u00e4st. Sk\u00e4rg\u00e5rden \u00e4r \u00f6verg\u00f6dd, \u00f6verbefolkad under sommaren och underbefolkad om vintern, underfinansierad, \u00e5lderstigen, underrepresenterad och idealiserad. Kanske \u00e4r sk\u00e4rg\u00e5rden utrotningshotad? Jag &hellip; <\/p>\n<p class=\"link-more\"><a href=\"https:\/\/blogs2.abo.fi\/habitability\/2024\/01\/31\/ny-bok-om-skargarden-pa-kommande\/\" class=\"more-link\">Forts\u00e4tt l\u00e4sa<span class=\"screen-reader-text\"> \u201dNy bok om sk\u00e4rg\u00e5rden p\u00e5 kommande\u201d<\/span><\/a><\/p>\n","protected":false},"author":469,"featured_media":0,"comment_status":"open","ping_status":"open","sticky":false,"template":"","format":"standard","meta":{"footnotes":""},"categories":[7],"tags":[16,13,51],"class_list":["post-301","post","type-post","status-publish","format-standard","hentry","category-nyheter","tag-bobarhet","tag-habitability","tag-skargard"],"_links":{"self":[{"href":"https:\/\/blogs2.abo.fi\/habitability\/wp-json\/wp\/v2\/posts\/301","targetHints":{"allow":["GET"]}}],"collection":[{"href":"https:\/\/blogs2.abo.fi\/habitability\/wp-json\/wp\/v2\/posts"}],"about":[{"href":"https:\/\/blogs2.abo.fi\/habitability\/wp-json\/wp\/v2\/types\/post"}],"author":[{"embeddable":true,"href":"https:\/\/blogs2.abo.fi\/habitability\/wp-json\/wp\/v2\/users\/469"}],"replies":[{"embeddable":true,"href":"https:\/\/blogs2.abo.fi\/habitability\/wp-json\/wp\/v2\/comments?post=301"}],"version-history":[{"count":3,"href":"https:\/\/blogs2.abo.fi\/habitability\/wp-json\/wp\/v2\/posts\/301\/revisions"}],"predecessor-version":[{"id":305,"href":"https:\/\/blogs2.abo.fi\/habitability\/wp-json\/wp\/v2\/posts\/301\/revisions\/305"}],"wp:attachment":[{"href":"https:\/\/blogs2.abo.fi\/habitability\/wp-json\/wp\/v2\/media?parent=301"}],"wp:term":[{"taxonomy":"category","embeddable":true,"href":"https:\/\/blogs2.abo.fi\/habitability\/wp-json\/wp\/v2\/categories?post=301"},{"taxonomy":"post_tag","embeddable":true,"href":"https:\/\/blogs2.abo.fi\/habitability\/wp-json\/wp\/v2\/tags?post=301"}],"curies":[{"name":"wp","href":"https:\/\/api.w.org\/{rel}","templated":true}]}}