{"id":250,"date":"2023-06-06T09:58:22","date_gmt":"2023-06-06T06:58:22","guid":{"rendered":"https:\/\/blogs2.abo.fi\/habitability\/?p=250"},"modified":"2023-06-06T10:13:28","modified_gmt":"2023-06-06T07:13:28","slug":"hur-bobara-ar-oarna-i-borga-skargard","status":"publish","type":"post","link":"https:\/\/blogs2.abo.fi\/habitability\/2023\/06\/06\/hur-bobara-ar-oarna-i-borga-skargard\/","title":{"rendered":"Hur bobara \u00e4r \u00f6arna i Borg\u00e5 sk\u00e4rg\u00e5rd?"},"content":{"rendered":"<p>Hur bobara \u00e4r \u00f6arna i Borg\u00e5 sk\u00e4rg\u00e5rd? Det h\u00e4r utreder nu Emsal\u00f6, Vess\u00f6landet och Pellinge i ett gemensamt projekt. Projektet med tidsplan finns sammanfattat i denna affisch.<\/p>\n<p>Vill du delta? Kan du bidra? H\u00f6r av dig!<\/p>\n<p><a href=\"http:\/\/blogs2.abo.fi\/habitability\/wp-content\/uploads\/sites\/219\/2023\/06\/Borga-affisch.jpg\"><img loading=\"lazy\" decoding=\"async\" class=\"alignnone size-full wp-image-251\" src=\"http:\/\/blogs2.abo.fi\/habitability\/wp-content\/uploads\/sites\/219\/2023\/06\/Borga-affisch.jpg\" alt=\"\" width=\"1700\" height=\"1065\" srcset=\"https:\/\/blogs2.abo.fi\/habitability\/wp-content\/uploads\/sites\/219\/2023\/06\/Borga-affisch.jpg 1700w, https:\/\/blogs2.abo.fi\/habitability\/wp-content\/uploads\/sites\/219\/2023\/06\/Borga-affisch-300x188.jpg 300w, https:\/\/blogs2.abo.fi\/habitability\/wp-content\/uploads\/sites\/219\/2023\/06\/Borga-affisch-1024x642.jpg 1024w, https:\/\/blogs2.abo.fi\/habitability\/wp-content\/uploads\/sites\/219\/2023\/06\/Borga-affisch-768x481.jpg 768w, https:\/\/blogs2.abo.fi\/habitability\/wp-content\/uploads\/sites\/219\/2023\/06\/Borga-affisch-1536x962.jpg 1536w\" sizes=\"auto, (max-width: 767px) 89vw, (max-width: 1000px) 54vw, (max-width: 1071px) 543px, 580px\" \/><\/a><\/p>\n<p>Du kan klicka p\u00e5 bilden f\u00f6r att se den i st\u00f6rre format.<\/p>\n<p><a href=\"http:\/\/blogs2.abo.fi\/habitability\/wp-content\/uploads\/sites\/219\/2023\/06\/Affisch-24maj.pdf\" target=\"_blank\" rel=\"noopener\">Affischen i pdf-format.<\/a><\/p>\n","protected":false},"excerpt":{"rendered":"<p>Hur bobara \u00e4r \u00f6arna i Borg\u00e5 sk\u00e4rg\u00e5rd? Det h\u00e4r utreder nu Emsal\u00f6, Vess\u00f6landet och Pellinge i ett gemensamt projekt. Projektet med tidsplan finns sammanfattat i denna affisch. Vill du delta? Kan du bidra? H\u00f6r av dig! Du kan klicka p\u00e5 bilden f\u00f6r att se den i st\u00f6rre format. Affischen i pdf-format.<\/p>\n","protected":false},"author":469,"featured_media":0,"comment_status":"open","ping_status":"open","sticky":false,"template":"","format":"standard","meta":{"footnotes":""},"categories":[4,7],"tags":[16,59,60,13],"class_list":["post-250","post","type-post","status-publish","format-standard","hentry","category-habitability","category-nyheter","tag-bobarhet","tag-bobarhetsutredning","tag-borga-skargard","tag-habitability"],"_links":{"self":[{"href":"https:\/\/blogs2.abo.fi\/habitability\/wp-json\/wp\/v2\/posts\/250","targetHints":{"allow":["GET"]}}],"collection":[{"href":"https:\/\/blogs2.abo.fi\/habitability\/wp-json\/wp\/v2\/posts"}],"about":[{"href":"https:\/\/blogs2.abo.fi\/habitability\/wp-json\/wp\/v2\/types\/post"}],"author":[{"embeddable":true,"href":"https:\/\/blogs2.abo.fi\/habitability\/wp-json\/wp\/v2\/users\/469"}],"replies":[{"embeddable":true,"href":"https:\/\/blogs2.abo.fi\/habitability\/wp-json\/wp\/v2\/comments?post=250"}],"version-history":[{"count":1,"href":"https:\/\/blogs2.abo.fi\/habitability\/wp-json\/wp\/v2\/posts\/250\/revisions"}],"predecessor-version":[{"id":253,"href":"https:\/\/blogs2.abo.fi\/habitability\/wp-json\/wp\/v2\/posts\/250\/revisions\/253"}],"wp:attachment":[{"href":"https:\/\/blogs2.abo.fi\/habitability\/wp-json\/wp\/v2\/media?parent=250"}],"wp:term":[{"taxonomy":"category","embeddable":true,"href":"https:\/\/blogs2.abo.fi\/habitability\/wp-json\/wp\/v2\/categories?post=250"},{"taxonomy":"post_tag","embeddable":true,"href":"https:\/\/blogs2.abo.fi\/habitability\/wp-json\/wp\/v2\/tags?post=250"}],"curies":[{"name":"wp","href":"https:\/\/api.w.org\/{rel}","templated":true}]}}