{"id":97,"date":"2021-10-05T09:06:20","date_gmt":"2021-10-05T07:06:20","guid":{"rendered":"https:\/\/blogs2.abo.fi\/grundkursistatsvetenskap2021\/?p=97"},"modified":"2021-10-05T09:06:20","modified_gmt":"2021-10-05T07:06:20","slug":"internationell-politik-av-realistisk-och-liberalistisk-perspektiv","status":"publish","type":"post","link":"https:\/\/blogs2.abo.fi\/grundkursistatsvetenskap2021\/2021\/10\/05\/internationell-politik-av-realistisk-och-liberalistisk-perspektiv\/","title":{"rendered":"Internationell politik av realistisk och liberalistisk perspektiv"},"content":{"rendered":"<p><em>Jenna Lamminen<\/em><\/p>\n<p>\u201d One world, many theories\u201d \u2013 Marina Lindell. 23.9.2021 var det dags f\u00f6r internationell politik med en f\u00f6rel\u00e4sning av Marina Lindell. Internationell politik \u00e4r inte simpelt. Som Lindell tog upp i sin f\u00f6rel\u00e4sning, internationell politik \u00e4r n\u00e5got som h\u00e4nder hela tiden runt hela v\u00e4rden och genomg\u00e5r f\u00f6r\u00e4ndringar samtidigt. F\u00f6r att kunna forska i internationell politik m\u00e5ste man kunna anv\u00e4nda olika teorier som hj\u00e4lper oss att f\u00f6rst\u00e5. Teorier Lindell tog upp var realism, liberalism och konstruktivism.<\/p>\n<p>Vad \u00e4r realism? Realismen \u00e4r ett ganska negativt tankes\u00e4tt av hur v\u00e4rlden fungerar. Realismen t\u00e4nker att internationella f\u00f6rest\u00e4llningar \u00e4r f\u00f6r idealistiska. Staterna samarbetar bara f\u00f6r sitt eget intresse och ser sig sj\u00e4lva som den viktigaste. (Lindell, 2021.) Staterna tror inte p\u00e5 \u201dfriends forever\u201d eller \u201denemies forever\u201d, utan dagens kompis kan vara morgondagens fiende och vice versa. Lindell (2021) tar i sin f\u00f6rel\u00e4sning upp att det finns ett s\u00e4kerhetsdilemma i realismen; staten kan f\u00f6rb\u00e4ttra sitt f\u00f6rsvar f\u00f6r att n\u00e5 en b\u00e4ttre s\u00e4kerhetsniv\u00e5, men detta kan ses som hot mot andra l\u00e4nder. Ett bra exempel av detta \u00e4r Nordkorea som nyligen har testat sin hypersoniska missil. USA har ber\u00e4ttat att de har tagit dessa p\u00e5st\u00e5enden allvarligt. (T\u00f6yryl\u00e4, 2021.) N\u00e4r ett land kommer med nyheter om nya vapen, kan det orsaka oro eller r\u00e4dsla i andra l\u00e4nder och detta kan anses som ett hot till vilket landet m\u00e5ste st\u00e5 till svars f\u00f6r.<\/p>\n<p>Vad \u00e4r liberalism? Enligt Lindell \u00e4r liberalism en idealism, idealen kan n\u00e5s. Det \u00e4r allts\u00e5 en motsats till realism.\u00a0 Tankes\u00e4ttet \u00e4r mer optimistiskt och det finns en chans till f\u00f6r\u00e4ndring och v\u00e4rlden kan bli en b\u00e4ttre plats. Samarbete \u00e4r v\u00e4ldigt viktigt. Krig \u00e4r inte det enda alternativet, utan vi kan undvika detta med ekonomisk liberalism, social liberalism och neoliberalism. (Lindell, 2021.) Liberalism \u00e4r en teori om m\u00f6jligheter.<\/p>\n<p>P\u00e5 f\u00f6rel\u00e4sningen fick vi ocks\u00e5 fundera p\u00e5 om det finns \u201dstater vars politik och agerande passar b\u00e4ttre att studera utifr\u00e5n ett realistisk\/liberalistiskt perspektiv\u201d (Lindell, 2021). Det var intressant att fundera p\u00e5 de st\u00f6rsta staternas s\u00e4tt att agera och reflektera \u00f6ver den ur b\u00e5de realistisk och liberalistisk synvinkel. Diskussionen l\u00f6pte kring USA och Ryssland och de passar kanske b\u00e4ttre att studera fr\u00e5n ett realistiskt perspektiv, och t.ex. Finland eller EU ur ett lite mer liberalistiskt perspektiv fast alla stater har s\u00e4kert \u00e4nd\u00e5 egna intressen som grund.<\/p>\n<p>K\u00e4llor:<\/p>\n<p>Lindell, M. (den 23. september 2021) <em>One world, many theories: introduction to theories on international relations.<\/em> Vasa: \u00c5bo Akademi<\/p>\n<p>T\u00f6yryl\u00e4, K. (den 29. September 2021) Pohjois-Korea ilmoitti testanneensa hypersoonista ohjusta \u2013\u00a0Yhdysvallat kertoi ottavansa v\u00e4itteen vakavasti. Yle uutiset. <a href=\"https:\/\/yle.fi\/uutiset\/3-12119972\">https:\/\/yle.fi\/uutiset\/3-12119972<\/a><\/p>\n<p>&nbsp;<\/p>\n","protected":false},"excerpt":{"rendered":"<p>Jenna Lamminen \u201d One world, many theories\u201d \u2013 Marina Lindell. 23.9.2021 var det dags f\u00f6r internationell politik med en f\u00f6rel\u00e4sning av Marina Lindell. Internationell politik \u00e4r inte simpelt. Som Lindell tog upp i sin f\u00f6rel\u00e4sning, internationell politik \u00e4r n\u00e5got som h\u00e4nder hela tiden runt hela v\u00e4rden och genomg\u00e5r f\u00f6r\u00e4ndringar samtidigt. F\u00f6r att kunna forska i &hellip; <a href=\"https:\/\/blogs2.abo.fi\/grundkursistatsvetenskap2021\/2021\/10\/05\/internationell-politik-av-realistisk-och-liberalistisk-perspektiv\/\" class=\"more-link\">Forts\u00e4tt l\u00e4sa <span class=\"screen-reader-text\">Internationell politik av realistisk och liberalistisk perspektiv<\/span><\/a><\/p>\n","protected":false},"author":663,"featured_media":0,"comment_status":"open","ping_status":"open","sticky":false,"template":"","format":"standard","meta":{"footnotes":""},"categories":[1],"tags":[],"class_list":["post-97","post","type-post","status-publish","format-standard","hentry","category-okategoriserade"],"_links":{"self":[{"href":"https:\/\/blogs2.abo.fi\/grundkursistatsvetenskap2021\/wp-json\/wp\/v2\/posts\/97","targetHints":{"allow":["GET"]}}],"collection":[{"href":"https:\/\/blogs2.abo.fi\/grundkursistatsvetenskap2021\/wp-json\/wp\/v2\/posts"}],"about":[{"href":"https:\/\/blogs2.abo.fi\/grundkursistatsvetenskap2021\/wp-json\/wp\/v2\/types\/post"}],"author":[{"embeddable":true,"href":"https:\/\/blogs2.abo.fi\/grundkursistatsvetenskap2021\/wp-json\/wp\/v2\/users\/663"}],"replies":[{"embeddable":true,"href":"https:\/\/blogs2.abo.fi\/grundkursistatsvetenskap2021\/wp-json\/wp\/v2\/comments?post=97"}],"version-history":[{"count":2,"href":"https:\/\/blogs2.abo.fi\/grundkursistatsvetenskap2021\/wp-json\/wp\/v2\/posts\/97\/revisions"}],"predecessor-version":[{"id":99,"href":"https:\/\/blogs2.abo.fi\/grundkursistatsvetenskap2021\/wp-json\/wp\/v2\/posts\/97\/revisions\/99"}],"wp:attachment":[{"href":"https:\/\/blogs2.abo.fi\/grundkursistatsvetenskap2021\/wp-json\/wp\/v2\/media?parent=97"}],"wp:term":[{"taxonomy":"category","embeddable":true,"href":"https:\/\/blogs2.abo.fi\/grundkursistatsvetenskap2021\/wp-json\/wp\/v2\/categories?post=97"},{"taxonomy":"post_tag","embeddable":true,"href":"https:\/\/blogs2.abo.fi\/grundkursistatsvetenskap2021\/wp-json\/wp\/v2\/tags?post=97"}],"curies":[{"name":"wp","href":"https:\/\/api.w.org\/{rel}","templated":true}]}}