{"id":79,"date":"2021-10-04T12:34:09","date_gmt":"2021-10-04T10:34:09","guid":{"rendered":"https:\/\/blogs2.abo.fi\/grundkursistatsvetenskap2021\/?p=79"},"modified":"2021-10-04T12:34:09","modified_gmt":"2021-10-04T10:34:09","slug":"journalister-som-paverkare-i-ett-komplext-medielandskap","status":"publish","type":"post","link":"https:\/\/blogs2.abo.fi\/grundkursistatsvetenskap2021\/2021\/10\/04\/journalister-som-paverkare-i-ett-komplext-medielandskap\/","title":{"rendered":"Journalister som p\u00e5verkare i ett komplext medielandskap"},"content":{"rendered":"<p><span data-contrast=\"auto\">Elin Olkkola<\/span><span data-ccp-props=\"{&quot;201341983&quot;:0,&quot;335551550&quot;:6,&quot;335551620&quot;:6,&quot;335559739&quot;:160,&quot;335559740&quot;:259}\">\u00a0<\/span><\/p>\n<p><span data-contrast=\"auto\">F\u00f6r n\u00e5gon vecka sedan fick jag ta del av Klas Backholms g\u00e4stf\u00f6rel\u00e4sning \u201cJournalister som p\u00e5verkare i ett komplext medielandskap. Case covid\u201d. Personligen har jag alltid varit intresserad av media och allt vad det inneb\u00e4r, s\u00e5 jag blev v\u00e4ldigt fascinerad av Klas f\u00f6rel\u00e4sning, och vilken inriktning den tog.<\/span><span data-ccp-props=\"{&quot;201341983&quot;:0,&quot;335551550&quot;:6,&quot;335551620&quot;:6,&quot;335559739&quot;:160,&quot;335559740&quot;:259}\">\u00a0<\/span><\/p>\n<p><span data-contrast=\"auto\">Till att b\u00f6rja med ber\u00e4ttade han generellt om journalistens roll i samh\u00e4llet, vilket jag ans\u00e5g intressant eftersom sj\u00e4lv ser jag alltid bara deras artiklar, men\u00a0jag\u00a0t\u00e4nker aldrig riktigt p\u00e5 deras \u201croll\u201d i samh\u00e4llet och vad de egentligen g\u00f6r. De \u00e4r \u201csamh\u00e4llets vakthund\u201d,\u00a0och det \u00e4r intressant att t\u00e4nka p\u00e5 dem ur den synvinkeln efter\u00a0f\u00f6rel\u00e4sningen,\u00a0dvs.\u00a0\u00a0de jobbar f\u00f6r sina l\u00e4sare, f\u00f6r\u00a0att\u00a0meddela samh\u00e4llet vad som p\u00e5g\u00e5r, de jobbar bokstavligen \u00e5t befolkningen.<\/span><span data-ccp-props=\"{&quot;201341983&quot;:0,&quot;335551550&quot;:6,&quot;335551620&quot;:6,&quot;335559739&quot;:160,&quot;335559740&quot;:259}\">\u00a0<\/span><\/p>\n<p><span data-contrast=\"auto\">Han ber\u00e4ttade\u00a0\u00e4ven\u00a0om en studie han hade gjort,\u00a0\u201cCase Covid\u201d,\u00a0som handlade om\u00a0hur journalister har m\u00e5tt under pandemin och hur det har p\u00e5verkat deras jobb.\u00a0Deras forskningsfr\u00e5gor var \u201cI vilken utstr\u00e4ckning har arbetet under pandemin lett till att journalister m\u00e5r s\u00e4mre psykiskt?\u201d\u00a0och\u00a0\u201cHur inverkade risken f\u00f6r att komma i kontakt med viruset, flytten till hemmakontor\u00a0och det\u00a0f\u00f6rs\u00e4mrade\u00a0st\u00f6det av chefer\/kollegor pga.\u00a0flytten till\u00a0hemmakontoret?\u201d\u00a0De skickade ut fr\u00e5geformul\u00e4r till journalister i Norge samt Finland. Resultatet var 74\u00a0&#8211;\u00a077 % hade upplevt\u00a0\u00e5tminstone\u00a0en typ av\u00a0negativ reaktion. 28 &#8211; 47% hade upplevt stora\/mycket stora problem pga.\u00a0n\u00e5gon typ av negativ reaktion, och 3\u00a0&#8211;\u00a04% hade varit sjukskrivna\u00a0pga.\u00a0den psykiska p\u00e5frestningen.\u00a0<\/span><span data-ccp-props=\"{&quot;201341983&quot;:0,&quot;335551550&quot;:6,&quot;335551620&quot;:6,&quot;335559739&quot;:160,&quot;335559740&quot;:259}\">\u00a0<\/span><\/p>\n<p><span data-contrast=\"auto\">En slutsats av detta \u00e4r att pandemin har haft negativa konsekvenser f\u00f6r journalister, samt samh\u00e4llet, och att t.ex. st\u00f6d fr\u00e5n kollegor \u00e4r viktigt. Jag tror man skulle kunna forska vidare fr\u00e5n denna studie, f\u00f6r det finns mycket intressant att ta fasta p\u00e5, t.ex. ifall samh\u00e4llets syn p\u00e5 pandemin har vinklats \u00e5t n\u00e5got h\u00e5ll, p.g.a. journalisters psykiska m\u00e5ende och deras arbete. Kunde n\u00e5got sett annorlunda ut? Man kunde \u00e4ven unders\u00f6ka exakt vad det \u00e4r som gjort att de m\u00e5tt d\u00e5ligt, om det varit n\u00e5gon skillnad mellan t.ex. m\u00e4n och kvinnors m\u00e5ende. Listan kan bli l\u00e5ng.<\/span><span data-ccp-props=\"{&quot;201341983&quot;:0,&quot;335551550&quot;:6,&quot;335551620&quot;:6,&quot;335559739&quot;:160,&quot;335559740&quot;:259}\"> Tydligt \u00e4r det i varje fall fr\u00e5n denna &#8221;Case covid&#8221; forskning att pandemin har varit psykiskt p\u00e5frestande f\u00f6r journalister. Enligt Backholm har r\u00e4dsla f\u00f6r att uts\u00e4ttas f\u00f6r viruset, distansjobbet och det minskade st\u00f6det av kollegor varit faktorer f\u00f6r detta.<\/span><\/p>\n<p><span data-contrast=\"auto\">Personligen har jag inte t\u00e4nkt ur den synvinkeln f\u00f6rr att journalisters artiklar och arbete kan ha p\u00e5verkats av pandemin, d\u00e4rf\u00f6r fann jag det v\u00e4ldigt intressant, ifall deras artiklar har varit s\u00e4mre om de m\u00e5tt psykiskt d\u00e5ligt. Jag t\u00e4nker ibland p\u00e5 journalister som \u201crobotar\u201d som f\u00e5r fram nya artiklar varje dag. Speciellt b\u00f6rjade jag fundera p\u00e5 de som har arbetat med rapportering om Corona pandemin, ifall de har vinklat sina arbeten \u00e5t n\u00e5got h\u00e5ll. Kan de ha haft en v\u00e4ldigt negativ ton i sitt skrivande, p.g.a. deras psykiska m\u00e5ende, och har man d\u00e5 sj\u00e4lv ha p\u00e5verkats negativt av det, t.ex. blivit p\u00e5 d\u00e5ligt hum\u00f6r. Bilden nedan \u00e4r tagen fr\u00e5n Vasabladet samma dag jag skrev detta, och det f\u00f6rsta man ser \u00e4r en hel massa artiklar om Corona pandemin. Man kan ju t\u00e4nka sig att journalister som har m\u00e5tt, eller m\u00e5r psykiskt d\u00e5ligt av pandemins effekter, inte \u00e4r s\u00e5 taggade p\u00e5 att skriva alla dessa Corona artiklar dag ut och dag in. Personligen h\u00e5ller jag p\u00e5 att bli lite tr\u00f6tt p\u00e5 att l\u00e4sa dem.<\/span><span data-ccp-props=\"{&quot;201341983&quot;:0,&quot;335551550&quot;:6,&quot;335551620&quot;:6,&quot;335559739&quot;:160,&quot;335559740&quot;:259}\">\u00a0<\/span><\/p>\n<figure id=\"attachment_80\" aria-describedby=\"caption-attachment-80\" style=\"width: 470px\" class=\"wp-caption aligncenter\"><img loading=\"lazy\" decoding=\"async\" class=\"wp-image-80\" src=\"http:\/\/blogs2.abo.fi\/grundkursistatsvetenskap2021\/wp-content\/uploads\/sites\/192\/2021\/10\/Skarmbild-5-300x169.png\" alt=\"Vasabladet 22.09.2021\" width=\"470\" height=\"265\" srcset=\"https:\/\/blogs2.abo.fi\/grundkursistatsvetenskap2021\/wp-content\/uploads\/sites\/192\/2021\/10\/Skarmbild-5-300x169.png 300w, https:\/\/blogs2.abo.fi\/grundkursistatsvetenskap2021\/wp-content\/uploads\/sites\/192\/2021\/10\/Skarmbild-5-1024x576.png 1024w, https:\/\/blogs2.abo.fi\/grundkursistatsvetenskap2021\/wp-content\/uploads\/sites\/192\/2021\/10\/Skarmbild-5-768x432.png 768w, https:\/\/blogs2.abo.fi\/grundkursistatsvetenskap2021\/wp-content\/uploads\/sites\/192\/2021\/10\/Skarmbild-5-1536x864.png 1536w, https:\/\/blogs2.abo.fi\/grundkursistatsvetenskap2021\/wp-content\/uploads\/sites\/192\/2021\/10\/Skarmbild-5.png 1920w\" sizes=\"auto, (max-width: 470px) 100vw, 470px\" \/><figcaption id=\"caption-attachment-80\" class=\"wp-caption-text\">Vasabladet 22.09.2021<\/figcaption><\/figure>\n<p><span data-contrast=\"auto\">\u00a0\u00a0\u00a0\u00a0\u00a0\u00a0\u00a0\u00a0\u00a0\u00a0\u00a0\u00a0\u00a0\u00a0\u00a0\u00a0\u00a0\u00a0\u00a0\u00a0\u00a0<\/span><\/p>\n<p><b><span data-contrast=\"auto\">K\u00e4lla<\/span><\/b><\/p>\n<p><span data-contrast=\"auto\">Backholm, K.\u00a0(13 september, 2021) Journalisten som samh\u00e4llsp\u00e5verkare i ett komplext medielandskap. Case Covid.\u00a0Vasa: \u00c5bo Akademi<\/span><span data-ccp-props=\"{&quot;201341983&quot;:0,&quot;335551550&quot;:6,&quot;335551620&quot;:6,&quot;335559739&quot;:160,&quot;335559740&quot;:259}\">\u00a0<\/span><\/p>\n","protected":false},"excerpt":{"rendered":"<p>Elin Olkkola\u00a0 F\u00f6r n\u00e5gon vecka sedan fick jag ta del av Klas Backholms g\u00e4stf\u00f6rel\u00e4sning \u201cJournalister som p\u00e5verkare i ett komplext medielandskap. Case covid\u201d. Personligen har jag alltid varit intresserad av media och allt vad det inneb\u00e4r, s\u00e5 jag blev v\u00e4ldigt fascinerad av Klas f\u00f6rel\u00e4sning, och vilken inriktning den tog.\u00a0 Till att b\u00f6rja med ber\u00e4ttade han &hellip; <a href=\"https:\/\/blogs2.abo.fi\/grundkursistatsvetenskap2021\/2021\/10\/04\/journalister-som-paverkare-i-ett-komplext-medielandskap\/\" class=\"more-link\">Forts\u00e4tt l\u00e4sa <span class=\"screen-reader-text\">Journalister som p\u00e5verkare i ett komplext medielandskap<\/span><\/a><\/p>\n","protected":false},"author":670,"featured_media":0,"comment_status":"open","ping_status":"open","sticky":false,"template":"","format":"standard","meta":{"footnotes":""},"categories":[1],"tags":[],"class_list":["post-79","post","type-post","status-publish","format-standard","hentry","category-okategoriserade"],"_links":{"self":[{"href":"https:\/\/blogs2.abo.fi\/grundkursistatsvetenskap2021\/wp-json\/wp\/v2\/posts\/79","targetHints":{"allow":["GET"]}}],"collection":[{"href":"https:\/\/blogs2.abo.fi\/grundkursistatsvetenskap2021\/wp-json\/wp\/v2\/posts"}],"about":[{"href":"https:\/\/blogs2.abo.fi\/grundkursistatsvetenskap2021\/wp-json\/wp\/v2\/types\/post"}],"author":[{"embeddable":true,"href":"https:\/\/blogs2.abo.fi\/grundkursistatsvetenskap2021\/wp-json\/wp\/v2\/users\/670"}],"replies":[{"embeddable":true,"href":"https:\/\/blogs2.abo.fi\/grundkursistatsvetenskap2021\/wp-json\/wp\/v2\/comments?post=79"}],"version-history":[{"count":3,"href":"https:\/\/blogs2.abo.fi\/grundkursistatsvetenskap2021\/wp-json\/wp\/v2\/posts\/79\/revisions"}],"predecessor-version":[{"id":84,"href":"https:\/\/blogs2.abo.fi\/grundkursistatsvetenskap2021\/wp-json\/wp\/v2\/posts\/79\/revisions\/84"}],"wp:attachment":[{"href":"https:\/\/blogs2.abo.fi\/grundkursistatsvetenskap2021\/wp-json\/wp\/v2\/media?parent=79"}],"wp:term":[{"taxonomy":"category","embeddable":true,"href":"https:\/\/blogs2.abo.fi\/grundkursistatsvetenskap2021\/wp-json\/wp\/v2\/categories?post=79"},{"taxonomy":"post_tag","embeddable":true,"href":"https:\/\/blogs2.abo.fi\/grundkursistatsvetenskap2021\/wp-json\/wp\/v2\/tags?post=79"}],"curies":[{"name":"wp","href":"https:\/\/api.w.org\/{rel}","templated":true}]}}