{"id":67,"date":"2021-09-30T15:37:35","date_gmt":"2021-09-30T13:37:35","guid":{"rendered":"https:\/\/blogs2.abo.fi\/grundkursistatsvetenskap2021\/?p=67"},"modified":"2021-09-30T15:37:35","modified_gmt":"2021-09-30T13:37:35","slug":"journalistens-psykiska-maende-under-pandemin","status":"publish","type":"post","link":"https:\/\/blogs2.abo.fi\/grundkursistatsvetenskap2021\/2021\/09\/30\/journalistens-psykiska-maende-under-pandemin\/","title":{"rendered":"Journalistens psykiska m\u00e5ende under pandemin"},"content":{"rendered":"<p><em>Elina Hy\u00f6ty<\/em><\/p>\n<p><span data-contrast=\"auto\">M\u00e5ndagen den 13.9 deltog jag i en g\u00e4stf\u00f6rel\u00e4sning av Klas Backholm i Grundkursen f\u00f6r statsvetenskap. Backholm f\u00f6rel\u00e4ste om journalisten som samh\u00e4llsp\u00e5verkare samt om journalisters m\u00e5ende under coronapandemin. F\u00f6rel\u00e4sningen blev en \u00f6gon\u00f6ppnare f\u00f6r hur jobbet som journalist ser ut, samt hur samh\u00e4llets \u201cups and downs\u201d p\u00e5verkar journalistens m\u00e5ende och jobb. Eftersom jag sj\u00e4lv \u00e4r intresserad av journalistik och media och att eventuellt jobba med n\u00e5got liknande i framtiden tilltalade Backholms f\u00f6rel\u00e4sning mig. Backholm anv\u00e4nde coronapandemin som exempel i sin f\u00f6rel\u00e4sning, d\u00e4r han forskat om hur just pandemin p\u00e5verkat journalisters psykiska m\u00e5ende.\u00a0<\/span><span data-ccp-props=\"{&quot;201341983&quot;:0,&quot;335559739&quot;:160,&quot;335559740&quot;:259}\">\u00a0<\/span><\/p>\n<p><span data-contrast=\"auto\">I skrivande stund finns inga tidigare studier som unders\u00f6ker samma sak och vi vet inte s\u00e5 mycket om \u00e4mnet. Det enda som det har rapporterats om tidigare \u00e4r att problem anknutna till distansjobb och flytten till hemmakontor leder till flera problem. Backholms forskning utgick fr\u00e5n forskningsfr\u00e5gorna \u201ci vilken utstr\u00e4ckning har arbetet med pandemin lett till att journalister m\u00e5r s\u00e4mre psykiskt\u201d samt \u201c<\/span><span data-contrast=\"auto\">Hur inverkade a) risken f\u00f6r att komma i kontakt med viruset via jobbet, b) flytten till hemmakontor, och c) det f\u00f6rs\u00e4mrade st\u00f6det av chefer\/kollegor pga flytten p\u00e5 det psykiska m\u00e5endet?\u201d.<\/span><span data-ccp-props=\"{&quot;201341983&quot;:0,&quot;335559739&quot;:160,&quot;335559740&quot;:259}\">\u00a0<\/span><\/p>\n<p><span data-contrast=\"auto\">Slutresultatet fr\u00e5n Backholms forskning blev att pandemin har p\u00e5verkat journalisternas psykiska m\u00e5ende negativt. En stor majoritet hade upplevt \u00e5tminstone en typ av negativ reaktion s\u00e5som \u00e5ngest, ensamhet, utmattning m.fl. en liten del (3-4%) hade till och med varit sjukskrivna p\u00e5 grund av den psykiska p\u00e5frestningen.\u00a0<\/span><span data-ccp-props=\"{&quot;201341983&quot;:0,&quot;335559739&quot;:160,&quot;335559740&quot;:259}\">\u00a0<\/span><\/p>\n<p><span data-contrast=\"auto\">En intressant f\u00f6ljdfr\u00e5ga vore att unders\u00f6ka huruvida journalisternas m\u00e5ende har p\u00e5verkat hur allm\u00e4nheten har uppfattat pandemin genom medieinneh\u00e5llet. Har kvaliteten p\u00e5 artiklarna \u00e4ndrats? En diskussion kring dystopisk framtidstro tog form och huruvida en journalists dystopiska respektive utopiska framtidstro avspeglas i dennes verk och artiklar. \u201cSmittar\u201d en dystopisk framtidstro av sig till journalistens l\u00e4sare?\u00a0<\/span><span data-ccp-props=\"{&quot;201341983&quot;:0,&quot;335559739&quot;:160,&quot;335559740&quot;:259}\">\u00a0<\/span><\/p>\n<p><span data-contrast=\"auto\">Viruskontakt inom jobbet, mindre st\u00f6d av chefer och kollegor samt flera utmaningar p\u00e5 grund av distansjobb \u00e4r saker som enligt Backholms forskning alla lett till s\u00e4mre psykiskt m\u00e5ende f\u00f6r journalisterna. Eftersom trygghet i fr\u00e5ga om h\u00e4lsa samt socialt st\u00f6d \u00e4r betydelsefulla resurser i en m\u00e4nniskas liv \u00e4r avsaknaden av dem kritiska f\u00f6r en m\u00e4nniskas m\u00e5ende. De psykologiska grundbehoven b\u00f6r uppfyllas f\u00f6r att en m\u00e4nniska ska m\u00e5 bra fysiskt, psykiskt och socialt.\u00a0<\/span><span data-ccp-props=\"{&quot;201341983&quot;:0,&quot;335559739&quot;:160,&quot;335559740&quot;:259}\">\u00a0<\/span><\/p>\n<p><strong>K\u00e4lla:<\/strong><\/p>\n<p>Backholm, K. (13.9.2021). Journalisten som samh\u00e4llsp\u00e5verkare i ett komplext medielandskap. Vasa: \u00c5bo Akademi<\/p>\n","protected":false},"excerpt":{"rendered":"<p>Elina Hy\u00f6ty M\u00e5ndagen den 13.9 deltog jag i en g\u00e4stf\u00f6rel\u00e4sning av Klas Backholm i Grundkursen f\u00f6r statsvetenskap. Backholm f\u00f6rel\u00e4ste om journalisten som samh\u00e4llsp\u00e5verkare samt om journalisters m\u00e5ende under coronapandemin. F\u00f6rel\u00e4sningen blev en \u00f6gon\u00f6ppnare f\u00f6r hur jobbet som journalist ser ut, samt hur samh\u00e4llets \u201cups and downs\u201d p\u00e5verkar journalistens m\u00e5ende och jobb. Eftersom jag sj\u00e4lv \u00e4r &hellip; <a href=\"https:\/\/blogs2.abo.fi\/grundkursistatsvetenskap2021\/2021\/09\/30\/journalistens-psykiska-maende-under-pandemin\/\" class=\"more-link\">Forts\u00e4tt l\u00e4sa <span class=\"screen-reader-text\">Journalistens psykiska m\u00e5ende under pandemin<\/span><\/a><\/p>\n","protected":false},"author":660,"featured_media":0,"comment_status":"open","ping_status":"open","sticky":false,"template":"","format":"standard","meta":{"footnotes":""},"categories":[1],"tags":[],"class_list":["post-67","post","type-post","status-publish","format-standard","hentry","category-okategoriserade"],"_links":{"self":[{"href":"https:\/\/blogs2.abo.fi\/grundkursistatsvetenskap2021\/wp-json\/wp\/v2\/posts\/67","targetHints":{"allow":["GET"]}}],"collection":[{"href":"https:\/\/blogs2.abo.fi\/grundkursistatsvetenskap2021\/wp-json\/wp\/v2\/posts"}],"about":[{"href":"https:\/\/blogs2.abo.fi\/grundkursistatsvetenskap2021\/wp-json\/wp\/v2\/types\/post"}],"author":[{"embeddable":true,"href":"https:\/\/blogs2.abo.fi\/grundkursistatsvetenskap2021\/wp-json\/wp\/v2\/users\/660"}],"replies":[{"embeddable":true,"href":"https:\/\/blogs2.abo.fi\/grundkursistatsvetenskap2021\/wp-json\/wp\/v2\/comments?post=67"}],"version-history":[{"count":2,"href":"https:\/\/blogs2.abo.fi\/grundkursistatsvetenskap2021\/wp-json\/wp\/v2\/posts\/67\/revisions"}],"predecessor-version":[{"id":69,"href":"https:\/\/blogs2.abo.fi\/grundkursistatsvetenskap2021\/wp-json\/wp\/v2\/posts\/67\/revisions\/69"}],"wp:attachment":[{"href":"https:\/\/blogs2.abo.fi\/grundkursistatsvetenskap2021\/wp-json\/wp\/v2\/media?parent=67"}],"wp:term":[{"taxonomy":"category","embeddable":true,"href":"https:\/\/blogs2.abo.fi\/grundkursistatsvetenskap2021\/wp-json\/wp\/v2\/categories?post=67"},{"taxonomy":"post_tag","embeddable":true,"href":"https:\/\/blogs2.abo.fi\/grundkursistatsvetenskap2021\/wp-json\/wp\/v2\/tags?post=67"}],"curies":[{"name":"wp","href":"https:\/\/api.w.org\/{rel}","templated":true}]}}