{"id":64,"date":"2021-09-30T15:11:10","date_gmt":"2021-09-30T13:11:10","guid":{"rendered":"https:\/\/blogs2.abo.fi\/grundkursistatsvetenskap2021\/?p=64"},"modified":"2021-09-30T15:11:10","modified_gmt":"2021-09-30T13:11:10","slug":"intervju-med-anna-bertills","status":"publish","type":"post","link":"https:\/\/blogs2.abo.fi\/grundkursistatsvetenskap2021\/2021\/09\/30\/intervju-med-anna-bertills\/","title":{"rendered":"Intervju med Anna Bertills"},"content":{"rendered":"<p><em>Elina Hy\u00f6ty, Elin Olkkola<\/em><\/p>\n<p>D\u00e5 vi fick denna uppgift, att intervjua en alumn, kom vi \u00f6ver Anna Bertills namn via LinkedIn. Bertills var inget fr\u00e4mmande namn f\u00f6r n\u00e5gon av oss i och med att vi h\u00f6rt om hennes f\u00f6retag, Bertills &amp; Jung, samt att hon synts i media d\u00e5 och d\u00e5 i samband med kommunalpolitiken<img loading=\"lazy\" decoding=\"async\" class=\"size-medium wp-image-65 alignright\" src=\"http:\/\/blogs2.abo.fi\/grundkursistatsvetenskap2021\/wp-content\/uploads\/sites\/192\/2021\/09\/Anna-Bertills-Bertills-Jung-300x300-1-300x300.jpg\" alt=\"\" width=\"300\" height=\"300\" srcset=\"https:\/\/blogs2.abo.fi\/grundkursistatsvetenskap2021\/wp-content\/uploads\/sites\/192\/2021\/09\/Anna-Bertills-Bertills-Jung-300x300-1.jpg 300w, https:\/\/blogs2.abo.fi\/grundkursistatsvetenskap2021\/wp-content\/uploads\/sites\/192\/2021\/09\/Anna-Bertills-Bertills-Jung-300x300-1-150x150.jpg 150w\" sizes=\"auto, (max-width: 300px) 100vw, 300px\" \/> i V\u00f6r\u00e5. Vi kontaktade Bertills via Instagram och fr\u00e5gade om hon ville st\u00e4lla upp p\u00e5 en intervju och det gjorde hon gladeligen.<\/p>\n<p><strong>Varf\u00f6r b\u00f6rjade du studera just statsvetenskap?<\/strong><br \/>\nJag b\u00f6rjade studera statsvetenskap vid \u00c5bo Akademi i \u00c5bo 1998 och tog examen 2002. Jag valde statskunskap eftersom jag varit intresserad av samh\u00e4llsl\u00e4ra, d\u00e4rav var valet av studieplats sj\u00e4lvklart. Jag ville g\u00f6ra n\u00e5got med samh\u00e4llet och var intresserad av politik och historia. Gick inriktningen internationella organisationer och internationell politik. Min handledare i gradun var Dag Anckar.<\/p>\n<p><strong>Varf\u00f6r tycker du att statsvetenskap \u00e4r viktigt?<\/strong><br \/>\nSamh\u00e4llsl\u00e4ra \u00e4r \u00f6verlag viktigt som bidrar till allm\u00e4n fostran, som vi ser allt f\u00f6r lite av idag. Jag tycker \u00e4ven att samh\u00e4llsl\u00e4ra\/statskunskap h\u00f6r till allm\u00e4nbildningen.<\/p>\n<p><strong>Vi s\u00e5g att du f\u00f6r tillf\u00e4llet jobbar p\u00e5 att skriva en doktorsvhandling, vill du ber\u00e4tta lite vad den handlar om och hur det g\u00e5r till?<\/strong><br \/>\n\u00c4mnet \u00e4r strategisk kommunikationsinriktning i statsvetenskap. Jag har h\u00e5llit p\u00e5 i ett \u00e5r vid sidan om jobbet, och g\u00f6r det fr\u00e4mst f\u00f6r att jobba p\u00e5 min egen kompetens inom det \u00e4mne jag jobbar med, det vill s\u00e4ga kopplingar mellan starka kanaler, influerare och politiker. I samband med detta l\u00e4r jag mig ocks\u00e5 vad som \u00e4r okej\/inte okej att handla politiskt.<\/p>\n<p><strong>Vad jobbar du med? Ber\u00e4tta om ditt f\u00f6retag samt varf\u00f6r du g\u00f6r det du g\u00f6r?<\/strong><br \/>\nBolaget idag (Bertills &amp; Jung) \u00e4r ett kommunikations- och produktionsbolag. Vi jobbar med extern kommunikation, video, bild, livestream och manusproduktion. \u00c4ven intern kommunikation inom till exempel f\u00f6retag \u00e4r en central del av v\u00e5rt jobb samt omv\u00e4rldsanalys f\u00f6r f\u00f6retag\/kommuner i form av strategier eller muntligt.<\/p>\n<p><strong>Hur kom du dit du \u00e4r idag? Hur har din karri\u00e4rv\u00e4g g\u00e5tt?<\/strong><br \/>\nJag var 22 \u00e5r n\u00e4r jag blev magister i statskunskap. Tog f\u00f6rst ett vikariat inom kultursektorn i Vasa och blev d\u00e4refter riksdagsassistent f\u00f6r milj\u00f6minister Jan-Erik Enestam under tv\u00e5 \u00e5rs tid. Om man vill bygga p\u00e5 en politisk karri\u00e4r \u00e4r politiska ungdomsf\u00f6rbund och engagemang inom k\u00e5rverksamhet bra s\u00e4tt f\u00f6r att bygga upp sitt n\u00e4tverk. Jag sj\u00e4lv var aktiv inom Svensk ungdom och var ordf\u00f6rande f\u00f6r organisationen i tv\u00e5 \u00e5r (2005-2007). Jobbade \u00e4ven ett tag som informationschef p\u00e5 Finlandssvenska idrott och d\u00e4refter som specialmedarbetare med kultur- och idrottsminister Stefan Wallin under Vanhanens regering. Sedan blev jag vd p\u00e5 Folkh\u00e4lsan utbildning och d\u00e4refter startade vi f\u00f6retaget Bertills &amp; Jung 2018 som jag \u00e4nnu idag jobbar med.<\/p>\n<p><strong>Har du n\u00e5gra tips p\u00e5 om man vill jobba inom den branch du \u00e4r i? Vilka kurser\/erfarenheter k\u00e4nner du att du idag har mest nytta av?<\/strong><br \/>\nG\u00f6r det som k\u00e4nns intressant, forts\u00e4tt \u201cgr\u00e4va\u201d, testa p\u00e5 olika inriktningar och g\u00f6r det b\u00e4sta av studietiden. Var aktiv i till exempel studentk\u00e5ren. Var modig och pr\u00f6va p\u00e5, \u00e4ven om du inte har kontakter fr\u00e5n tidigare samt ta tillf\u00e4lle i akt att bygga upp ett eget n\u00e4tverk. Jag rekommenderar praktik, sj\u00e4lv var jag p\u00e5 Korsholms polisinr\u00e4ttning och fick goda erfarenheter d\u00e4rifr\u00e5n. Genom praktik kan man f\u00e5 in en fot i branschen samt vidga sina n\u00e4tverk.<\/p>\n<p><strong>Hur ser framtiden och syssels\u00e4ttningen ut inom din bransch?<\/strong><br \/>\nBranschen har goda framtidsvisioner. I och med v\u00e4xande spr\u00e5kkunskaper \u00e4r det inte l\u00e4ngre endast engelskan som g\u00e4ller d\u00e5 samh\u00e4llet blivit multikulturellt. Kommunikationen via sociala medier allt viktigare.<\/p>\n<p><strong>Du \u00e4r med i kommunfullm\u00e4ktige, ber\u00e4tta lite om vad dina uppgifter d\u00e4r best\u00e5r av, hur du kom in p\u00e5 att st\u00e4lla upp i valet samt p\u00e5 vilket s\u00e4tt du tycker att studierna i statsvetenskap har varit till nytta.<\/strong><br \/>\nJag \u00e4r idag styrelseordf\u00f6rande i V\u00f6r\u00e5 kommun. Jag har tidigare st\u00e4llt upp i flera val s\u00e5som \u00c5bo stadsfullm\u00e4ktigeval, eu-val, riksdagsval och Vasa stadsfullm\u00e4ktigeval. En styrelseordf\u00f6rande leder politiskt, ser till att det finns ledande tj\u00e4nstem\u00e4n samt jobbar med allt fr\u00e5n budget till praktiskt arbete. Fr\u00e5n studierna har jag haft mest nytta av den globala f\u00f6rst\u00e5elsen samt det nationella. Mitt politiska engagemang och erfarenhet har hj\u00e4lpt mig mer i jobbet som styrelseordf\u00f6rande \u00e4n sj\u00e4lva studierna.<\/p>\n<p><strong>Om du skulle ge ett sista tips till nya statsvetarstuderande, vad skulle du s\u00e4ga?<\/strong><br \/>\nL\u00e4s frimodigt allt ni kan och v\u00e4lj inte nisch f\u00f6r snabbt. Testa olika inriktningar och g\u00f6r saker bredvid dina uni-studier och var inte r\u00e4dd f\u00f6r nya utmaningar. TESTA P\u00c5!<\/p>\n","protected":false},"excerpt":{"rendered":"<p>Elina Hy\u00f6ty, Elin Olkkola D\u00e5 vi fick denna uppgift, att intervjua en alumn, kom vi \u00f6ver Anna Bertills namn via LinkedIn. Bertills var inget fr\u00e4mmande namn f\u00f6r n\u00e5gon av oss i och med att vi h\u00f6rt om hennes f\u00f6retag, Bertills &amp; Jung, samt att hon synts i media d\u00e5 och d\u00e5 i samband med kommunalpolitiken &hellip; <a href=\"https:\/\/blogs2.abo.fi\/grundkursistatsvetenskap2021\/2021\/09\/30\/intervju-med-anna-bertills\/\" class=\"more-link\">Forts\u00e4tt l\u00e4sa <span class=\"screen-reader-text\">Intervju med Anna Bertills<\/span><\/a><\/p>\n","protected":false},"author":660,"featured_media":0,"comment_status":"open","ping_status":"open","sticky":false,"template":"","format":"standard","meta":{"footnotes":""},"categories":[1],"tags":[],"class_list":["post-64","post","type-post","status-publish","format-standard","hentry","category-okategoriserade"],"_links":{"self":[{"href":"https:\/\/blogs2.abo.fi\/grundkursistatsvetenskap2021\/wp-json\/wp\/v2\/posts\/64","targetHints":{"allow":["GET"]}}],"collection":[{"href":"https:\/\/blogs2.abo.fi\/grundkursistatsvetenskap2021\/wp-json\/wp\/v2\/posts"}],"about":[{"href":"https:\/\/blogs2.abo.fi\/grundkursistatsvetenskap2021\/wp-json\/wp\/v2\/types\/post"}],"author":[{"embeddable":true,"href":"https:\/\/blogs2.abo.fi\/grundkursistatsvetenskap2021\/wp-json\/wp\/v2\/users\/660"}],"replies":[{"embeddable":true,"href":"https:\/\/blogs2.abo.fi\/grundkursistatsvetenskap2021\/wp-json\/wp\/v2\/comments?post=64"}],"version-history":[{"count":1,"href":"https:\/\/blogs2.abo.fi\/grundkursistatsvetenskap2021\/wp-json\/wp\/v2\/posts\/64\/revisions"}],"predecessor-version":[{"id":66,"href":"https:\/\/blogs2.abo.fi\/grundkursistatsvetenskap2021\/wp-json\/wp\/v2\/posts\/64\/revisions\/66"}],"wp:attachment":[{"href":"https:\/\/blogs2.abo.fi\/grundkursistatsvetenskap2021\/wp-json\/wp\/v2\/media?parent=64"}],"wp:term":[{"taxonomy":"category","embeddable":true,"href":"https:\/\/blogs2.abo.fi\/grundkursistatsvetenskap2021\/wp-json\/wp\/v2\/categories?post=64"},{"taxonomy":"post_tag","embeddable":true,"href":"https:\/\/blogs2.abo.fi\/grundkursistatsvetenskap2021\/wp-json\/wp\/v2\/tags?post=64"}],"curies":[{"name":"wp","href":"https:\/\/api.w.org\/{rel}","templated":true}]}}