{"id":56,"date":"2021-09-28T17:50:57","date_gmt":"2021-09-28T15:50:57","guid":{"rendered":"https:\/\/blogs2.abo.fi\/grundkursistatsvetenskap2021\/?p=56"},"modified":"2021-09-28T17:50:57","modified_gmt":"2021-09-28T15:50:57","slug":"realism-och-liberalism-som-forklaringar-till-internationella-konflikter","status":"publish","type":"post","link":"https:\/\/blogs2.abo.fi\/grundkursistatsvetenskap2021\/2021\/09\/28\/realism-och-liberalism-som-forklaringar-till-internationella-konflikter\/","title":{"rendered":"Realism och liberalism som f\u00f6rklaringar till internationella konflikter"},"content":{"rendered":"<p>Amanda Bj\u00f6rklund<\/p>\n<p>Forskning inom internationell politik \u00e4r v\u00e4ldigt komplex, detta eftersom det konstant sker f\u00f6r\u00e4ndringar i v\u00e4rlden samtidigt som forskningsomr\u00e5det \u00e4r brett. F\u00f6r att kunna forska i internationell politik blir det d\u00e4rf\u00f6r viktigt att kunna till\u00e4mpa olika teorier. Lindell (2021) f\u00f6rklarar att det inom internationell politik finns tre huvudteorier: realism, liberalism och konstruktivism. Dessa \u00e4r alla begrepp som jag har h\u00f6rt flertal g\u00e5nger men som jag under g\u00e4stf\u00f6rel\u00e4sningen fort m\u00e4rkte att jag inte riktigt har f\u00f6rst\u00e5tt tidigare. Jag kommer endast att diskutera begreppen realism och liberalism i det h\u00e4r blogginl\u00e4gget.<\/p>\n<figure id=\"attachment_57\" aria-describedby=\"caption-attachment-57\" style=\"width: 300px\" class=\"wp-caption aligncenter\"><img loading=\"lazy\" decoding=\"async\" class=\"size-medium wp-image-57\" src=\"http:\/\/blogs2.abo.fi\/grundkursistatsvetenskap2021\/wp-content\/uploads\/sites\/192\/2021\/09\/ora-300x152.png\" alt=\"\" width=\"300\" height=\"152\" srcset=\"https:\/\/blogs2.abo.fi\/grundkursistatsvetenskap2021\/wp-content\/uploads\/sites\/192\/2021\/09\/ora-300x152.png 300w, https:\/\/blogs2.abo.fi\/grundkursistatsvetenskap2021\/wp-content\/uploads\/sites\/192\/2021\/09\/ora-1024x519.png 1024w, https:\/\/blogs2.abo.fi\/grundkursistatsvetenskap2021\/wp-content\/uploads\/sites\/192\/2021\/09\/ora-768x389.png 768w, https:\/\/blogs2.abo.fi\/grundkursistatsvetenskap2021\/wp-content\/uploads\/sites\/192\/2021\/09\/ora-1536x778.png 1536w, https:\/\/blogs2.abo.fi\/grundkursistatsvetenskap2021\/wp-content\/uploads\/sites\/192\/2021\/09\/ora.png 1920w\" sizes=\"auto, (max-width: 300px) 100vw, 300px\" \/><figcaption id=\"caption-attachment-57\" class=\"wp-caption-text\">Bild: Pixabay<\/figcaption><\/figure>\n<p>Lindell (2021) benar ut och f\u00f6rklarar dessa \u201d-ismer\u201d, vad som \u00e4r viktigt att ta fasta p\u00e5 och vilka problem som finns inom de olika teorierna. Genom realismens glas\u00f6gon ser man staten som den viktigaste akt\u00f6ren och orsaken till varf\u00f6r den egna staten samarbetar med andra \u00e4r f\u00f6r att \u00f6ka sin egen makt. I Lindells (2021, s. 12) f\u00f6rel\u00e4sningsmaterial st\u00e5r det att \u201dStates have no permanent friends or permanent enemies, merely permanent interests.\u201d \u2013 vilket jag sj\u00e4lv anser \u00e4r en intressant syn p\u00e5 saken. I Badersten &amp; Gustavsson (2015, s. 58) n\u00e4mner man att eftersom det inte finns n\u00e5gon som har makt \u00f6ver stater har stater sj\u00e4lva ansvar f\u00f6r sin egen s\u00e4kerhet, detta leder i sin tur till att stater s\u00f6ker alltmer makt. Man vill helt enkelt inte vara beroende av n\u00e5gon eftersom det kan h\u00e4nda att den andra parten \u201dbyter sida\u201d.<\/p>\n<p>Lindell (2021) forts\u00e4tter att diskutera liberalism och genom liberalismens glas\u00f6gon anser man att det finns vissa ideal som kan n\u00e5s och man har \u00f6verlag en mer optimistisk syn p\u00e5 v\u00e4rlden \u00e4n inom realismen. \u00c4ven inom liberalismen anser man att staten \u00e4r viktig men man v\u00e4rdes\u00e4tter \u00e4ven andra akt\u00f6rer. Internationella relationer och samarbeten \u00e4r viktiga faktorer inom liberalismen. I YouTube-klippet (Soomo Publishing 2011) om liberalism som var med i Lindells (2021, s. 24) f\u00f6rel\u00e4sningsmaterial n\u00e4mns det att man inom liberalismen alltid vill utforska alla andra m\u00f6jligheter f\u00f6re krig men att krig ibland \u00e4r ofr\u00e5nkomligt. Vidare n\u00e4mner man Europeiska unionen och F\u00f6renta nationerna som tv\u00e5 exempel p\u00e5 \u201dliberala akt\u00f6rer\u201d.<\/p>\n<p>Efter att ha f\u00e5tt en st\u00f6rre inblick i vad som menas med realism och liberalism k\u00e4nner jag att jag har f\u00e5tt en b\u00e4ttre f\u00f6rst\u00e5else f\u00f6r varf\u00f6r vissa l\u00e4nder agerar p\u00e5 ett s\u00e4tt och andra p\u00e5 ett annat s\u00e4tt. Under f\u00f6rel\u00e4sningen diskuterade vi f\u00f6r- och nackdelarna med de b\u00e5da teorierna och jag tycker att det var v\u00e4ldigt intressant. Realismen k\u00e4nns v\u00e4ldigt dyster och som att man inte str\u00e4var efter n\u00e5got \u201db\u00e4ttre\u201d samtidigt som liberalismen kan verka \u201df\u00f6r optimistisk\u201d. Det \u00e4r sj\u00e4lvklart att det finns s\u00e5v\u00e4l positiva som negativa sidor med alla olika teorier och d\u00e4rf\u00f6r \u00e4r det ocks\u00e5 bra att k\u00e4nna igen dem.<\/p>\n<p>&nbsp;<\/p>\n<p><strong>K\u00e4llor<\/strong><\/p>\n<p>Badersten, B. &amp; Gustavsson, J. (2015). <em>Vad \u00e4r statsvetenskap? Om undran inf\u00f6r politiken. <\/em>Lund: Studentlitteratur.<\/p>\n<p>Lindell, M. (den 28 september 2021). One world, many theories: introduction to theories on international relations. Vasa: \u00c5bo Akademi.<\/p>\n<p>Soomo Publishing (den 11 maj 2011) Theory in Action: Liberalism. H\u00e4mtad 28. September 2021, fr\u00e5n <a href=\"https:\/\/www.youtube.com\/watch?v=tZbDMUaqwE8\">https:\/\/www.youtube.com\/watch?v=tZbDMUaqwE8<\/a><\/p>\n","protected":false},"excerpt":{"rendered":"<p>Amanda Bj\u00f6rklund Forskning inom internationell politik \u00e4r v\u00e4ldigt komplex, detta eftersom det konstant sker f\u00f6r\u00e4ndringar i v\u00e4rlden samtidigt som forskningsomr\u00e5det \u00e4r brett. F\u00f6r att kunna forska i internationell politik blir det d\u00e4rf\u00f6r viktigt att kunna till\u00e4mpa olika teorier. Lindell (2021) f\u00f6rklarar att det inom internationell politik finns tre huvudteorier: realism, liberalism och konstruktivism. Dessa \u00e4r &hellip; <a href=\"https:\/\/blogs2.abo.fi\/grundkursistatsvetenskap2021\/2021\/09\/28\/realism-och-liberalism-som-forklaringar-till-internationella-konflikter\/\" class=\"more-link\">Forts\u00e4tt l\u00e4sa <span class=\"screen-reader-text\">Realism och liberalism som f\u00f6rklaringar till internationella konflikter<\/span><\/a><\/p>\n","protected":false},"author":662,"featured_media":0,"comment_status":"open","ping_status":"open","sticky":false,"template":"","format":"standard","meta":{"footnotes":""},"categories":[1],"tags":[],"class_list":["post-56","post","type-post","status-publish","format-standard","hentry","category-okategoriserade"],"_links":{"self":[{"href":"https:\/\/blogs2.abo.fi\/grundkursistatsvetenskap2021\/wp-json\/wp\/v2\/posts\/56","targetHints":{"allow":["GET"]}}],"collection":[{"href":"https:\/\/blogs2.abo.fi\/grundkursistatsvetenskap2021\/wp-json\/wp\/v2\/posts"}],"about":[{"href":"https:\/\/blogs2.abo.fi\/grundkursistatsvetenskap2021\/wp-json\/wp\/v2\/types\/post"}],"author":[{"embeddable":true,"href":"https:\/\/blogs2.abo.fi\/grundkursistatsvetenskap2021\/wp-json\/wp\/v2\/users\/662"}],"replies":[{"embeddable":true,"href":"https:\/\/blogs2.abo.fi\/grundkursistatsvetenskap2021\/wp-json\/wp\/v2\/comments?post=56"}],"version-history":[{"count":3,"href":"https:\/\/blogs2.abo.fi\/grundkursistatsvetenskap2021\/wp-json\/wp\/v2\/posts\/56\/revisions"}],"predecessor-version":[{"id":61,"href":"https:\/\/blogs2.abo.fi\/grundkursistatsvetenskap2021\/wp-json\/wp\/v2\/posts\/56\/revisions\/61"}],"wp:attachment":[{"href":"https:\/\/blogs2.abo.fi\/grundkursistatsvetenskap2021\/wp-json\/wp\/v2\/media?parent=56"}],"wp:term":[{"taxonomy":"category","embeddable":true,"href":"https:\/\/blogs2.abo.fi\/grundkursistatsvetenskap2021\/wp-json\/wp\/v2\/categories?post=56"},{"taxonomy":"post_tag","embeddable":true,"href":"https:\/\/blogs2.abo.fi\/grundkursistatsvetenskap2021\/wp-json\/wp\/v2\/tags?post=56"}],"curies":[{"name":"wp","href":"https:\/\/api.w.org\/{rel}","templated":true}]}}