{"id":43,"date":"2021-09-23T13:44:50","date_gmt":"2021-09-23T11:44:50","guid":{"rendered":"https:\/\/blogs2.abo.fi\/grundkursistatsvetenskap2021\/?p=43"},"modified":"2021-09-23T13:44:50","modified_gmt":"2021-09-23T11:44:50","slug":"journalisten-som-samhallspaverkare-i-ett-komplext-medielandskap","status":"publish","type":"post","link":"https:\/\/blogs2.abo.fi\/grundkursistatsvetenskap2021\/2021\/09\/23\/journalisten-som-samhallspaverkare-i-ett-komplext-medielandskap\/","title":{"rendered":"Journalisten som samh\u00e4llsp\u00e5verkare i ett komplext medielandskap"},"content":{"rendered":"<p>Julia Kultti<\/p>\n<p>Den 13.9 2021 h\u00f6ll Klas Backholm en f\u00f6rel\u00e4sning om hur det \u00e4r att jobba inom media under den r\u00e5dande pandemin. Det m\u00e5ste vara mycket sv\u00e5rt att jobba som journalist inte bara under Covid-19 utan under alla kriser. Det m\u00e5ste vara psykiskt tungt att rapportera om och om igen om negativa h\u00e4ndelser.<\/p>\n<p>Under sin f\u00f6rel\u00e4sning presenterade Backholm en forskning som han med andra hade gjort. Forskningen var baserad p\u00e5 journalisters m\u00e5ende under kriser. Jag tycker att det var mycket intressant att se en presentation av en forskning. Studien presenterades steg f\u00f6r steg. \u00a0Jag har inte varit med om det tidigare och det var mycket l\u00e4rorikt och inspirerande. Presentationen fick mig att genuint intressera mig av forskning. Jag tror att jag kommer att ha nytta av presentationen som vi fick, eftersom den fungerar som en modell om jag n\u00e5gon g\u00e5ng beh\u00f6ver presentera (eller g\u00f6ra) en forskning i framtiden.<\/p>\n<p>Det var ingen \u00f6verraskning att det var en s\u00e5 stor andel av journalister som hade m\u00e5tt d\u00e5ligt under den r\u00e5dande pandemin. Det kan inte vara s\u00e5 l\u00e4tt att \u00f6verg\u00e5 fr\u00e5n att se m\u00e4nniskor, intervjua och vara p\u00e5 f\u00e4ltet varje dag till att endast sitta isolerad hemma framf\u00f6r datorn. Det m\u00e5ste ha varit mycket sv\u00e5rt (f\u00f6r inte bara journalister) att sluta tr\u00e4ffa m\u00e4nniskor och inte vara lika aktiverade l\u00e4ngre.<\/p>\n<p>Dock tror jag att det ocks\u00e5 \u00e4r en kulturbunden sak. Det slog v\u00e4l inte lika h\u00e5rt p\u00e5 finl\u00e4ndare som p\u00e5 andra, eftersom finl\u00e4ndare redan \u00e4r ganska osociala och njuter av tystnad och egentid. \u00c5tminstone nj\u00f6t jag till en viss m\u00e5n att sitta hemma p\u00e5 distanslektioner ist\u00e4llet f\u00f6r att vara i skolan varje dag. Det enda som var sv\u00e5rt f\u00f6r mig d\u00e5 jag var p\u00e5 distans var rutiner och kursprov.<\/p>\n<p>P\u00e5 tal om kultur skulle det vara mycket intressant att vidareutveckla forskningen genom att j\u00e4mf\u00f6ra journalister i olika l\u00e4nder eller fr\u00e5n olika kulturer, eller till och med j\u00e4mf\u00f6ra finska och finlandssvenska journalisters m\u00e5ende. Det hade ocks\u00e5 varit intressant att j\u00e4mf\u00f6ra journalister i olika \u00e5ldrar, eller till exempel j\u00e4mf\u00f6ra journalisters m\u00e5ende i storst\u00e4der och sm\u00e5st\u00e4der. Om man far utanf\u00f6r ramarna skulle det ocks\u00e5 vara intressant att j\u00e4mf\u00f6ra m\u00e5endet i helt olika yrkesbranscher under pandemin.<\/p>\n<h3>K\u00e4lla<\/h3>\n<p>Backholm, K. (den 13 september 2021). Journalisten som samh\u00e4llsp\u00e5verkare i ett komplext medielandskap. Vasa: \u00c5bo Akademi<\/p>\n","protected":false},"excerpt":{"rendered":"<p>Julia Kultti Den 13.9 2021 h\u00f6ll Klas Backholm en f\u00f6rel\u00e4sning om hur det \u00e4r att jobba inom media under den r\u00e5dande pandemin. Det m\u00e5ste vara mycket sv\u00e5rt att jobba som journalist inte bara under Covid-19 utan under alla kriser. Det m\u00e5ste vara psykiskt tungt att rapportera om och om igen om negativa h\u00e4ndelser. Under sin &hellip; <a href=\"https:\/\/blogs2.abo.fi\/grundkursistatsvetenskap2021\/2021\/09\/23\/journalisten-som-samhallspaverkare-i-ett-komplext-medielandskap\/\" class=\"more-link\">Forts\u00e4tt l\u00e4sa <span class=\"screen-reader-text\">Journalisten som samh\u00e4llsp\u00e5verkare i ett komplext medielandskap<\/span><\/a><\/p>\n","protected":false},"author":601,"featured_media":0,"comment_status":"open","ping_status":"open","sticky":false,"template":"","format":"standard","meta":{"footnotes":""},"categories":[1],"tags":[],"class_list":["post-43","post","type-post","status-publish","format-standard","hentry","category-okategoriserade"],"_links":{"self":[{"href":"https:\/\/blogs2.abo.fi\/grundkursistatsvetenskap2021\/wp-json\/wp\/v2\/posts\/43","targetHints":{"allow":["GET"]}}],"collection":[{"href":"https:\/\/blogs2.abo.fi\/grundkursistatsvetenskap2021\/wp-json\/wp\/v2\/posts"}],"about":[{"href":"https:\/\/blogs2.abo.fi\/grundkursistatsvetenskap2021\/wp-json\/wp\/v2\/types\/post"}],"author":[{"embeddable":true,"href":"https:\/\/blogs2.abo.fi\/grundkursistatsvetenskap2021\/wp-json\/wp\/v2\/users\/601"}],"replies":[{"embeddable":true,"href":"https:\/\/blogs2.abo.fi\/grundkursistatsvetenskap2021\/wp-json\/wp\/v2\/comments?post=43"}],"version-history":[{"count":2,"href":"https:\/\/blogs2.abo.fi\/grundkursistatsvetenskap2021\/wp-json\/wp\/v2\/posts\/43\/revisions"}],"predecessor-version":[{"id":45,"href":"https:\/\/blogs2.abo.fi\/grundkursistatsvetenskap2021\/wp-json\/wp\/v2\/posts\/43\/revisions\/45"}],"wp:attachment":[{"href":"https:\/\/blogs2.abo.fi\/grundkursistatsvetenskap2021\/wp-json\/wp\/v2\/media?parent=43"}],"wp:term":[{"taxonomy":"category","embeddable":true,"href":"https:\/\/blogs2.abo.fi\/grundkursistatsvetenskap2021\/wp-json\/wp\/v2\/categories?post=43"},{"taxonomy":"post_tag","embeddable":true,"href":"https:\/\/blogs2.abo.fi\/grundkursistatsvetenskap2021\/wp-json\/wp\/v2\/tags?post=43"}],"curies":[{"name":"wp","href":"https:\/\/api.w.org\/{rel}","templated":true}]}}