{"id":35,"date":"2021-09-23T13:04:24","date_gmt":"2021-09-23T11:04:24","guid":{"rendered":"https:\/\/blogs2.abo.fi\/grundkursistatsvetenskap2021\/?p=35"},"modified":"2021-09-23T13:06:12","modified_gmt":"2021-09-23T11:06:12","slug":"rosanna-blomster-riksdagsassistent","status":"publish","type":"post","link":"https:\/\/blogs2.abo.fi\/grundkursistatsvetenskap2021\/2021\/09\/23\/rosanna-blomster-riksdagsassistent\/","title":{"rendered":"Rosanna Blomster, riksdagsassistent"},"content":{"rendered":"<p>Julia Kultti och Marina Grankulla<\/p>\n<p>Det var Henrik Serup Christensen som tipsade oss om alumnen Rosanna Blomster. Vi ville intervjua henne eftersom hon var ung och kvinna. Dessutom hade hon en imponerande karri\u00e4r som riksdagsassistent och har erfarenhet fr\u00e5n bland annat ett kommunkontor i Bryssel. Vi utf\u00f6rde intervjun via zoom, eftersom vi kom fram till att det \u00e4r l\u00e4ttast s\u00e5. P\u00e5 grund av distansen kunde vi inte tr\u00e4ffas i verkligheten. <strong>Rosanna Blomster<\/strong> \u00e4r hemma fr\u00e5n \u00c5bo och jobbar som riksdagsassistent f\u00f6r Sandra Bergqvist, SFP. Blomster \u00e4r aktiv inom f\u00f6reningar som till exempel svensk ungdom.<\/p>\n<figure id=\"attachment_38\" aria-describedby=\"caption-attachment-38\" style=\"width: 318px\" class=\"wp-caption alignnone\"><img loading=\"lazy\" decoding=\"async\" class=\" wp-image-38\" src=\"http:\/\/blogs2.abo.fi\/grundkursistatsvetenskap2021\/wp-content\/uploads\/sites\/192\/2021\/09\/download-2.jpg\" alt=\"\" width=\"318\" height=\"267\" \/><figcaption id=\"caption-attachment-38\" class=\"wp-caption-text\">Rosanna Blomster st\u00e4llde upp f\u00f6r SFP i \u00c5bos kommunalval \u00e5r 2020 (viktiga politiska fr\u00e5gor f\u00f6r henne \u00e4r v\u00e4lm\u00e5ende kommuninv\u00e5nare, kultur samt boende och byggande).(Rosanna Blomster, Facebook)<\/figcaption><\/figure>\n<p>Vi b\u00f6rjade med att fr\u00e5ga fr\u00e5gor om hennes utbildning: <strong>Varf\u00f6r valde du att studera statskunskap?<\/strong><\/p>\n<p>\u201dDet var inget sj\u00e4lvklart val, jag visste inte riktigt vad jag ville g\u00f6ra efter gymnasiet. Jag skrev samh\u00e4llsl\u00e4ra i studenten, (men best\u00e4mde mig f\u00f6r det bara n\u00e5gon natt d\u00e5 jag inte kunde sova!). Till sist blev de s\u00e5 att jag s\u00f6kte in till \u00c5A samh\u00e4llsvetenskaper eftersom jag tyckte det var intressant och allm\u00e4nbildande.\u201d<\/p>\n<p><strong>\u00c5ngrade du det n\u00e5gonsin eller hade du gjort n\u00e5got annorlunda d\u00e5 du ser tillbaka p\u00e5 det?<\/strong><\/p>\n<p>\u201dJag har nog aldrig \u00e5ngrat valet av vad jag studerat, men sen i efterhand vissa saker i studielivet som jag hellre skulle ha studerat mera p\u00e5. D\u00e5 det visade sig att man kunde studera nationalekonomi gjorde jag det till ett bi\u00e4mne. S\u00e5klart finns det alltid kurser som man sen i efterhand skulle ha haft nytta av.<\/p>\n<p><strong>Vilka \u00e4mnen l\u00e4ste du? Varf\u00f6r valde du just dem?<\/strong><\/p>\n<p>\u201dStatskunskap var mitt huvud\u00e4mne och sen p\u00e5 kandidatniv\u00e5 l\u00e4ste jag nationalekonomi som bi\u00e4mne, och p\u00e5 magisterniv\u00e5 hittade jag offentlig f\u00f6rvaltning som nytt bi\u00e4mne och tyckte att det kompletterade ganska bra statskunskap. \u201d<\/p>\n<blockquote><p><em>\u201dStatskunskaper \u00e4r som ett stort paraply d\u00e4r det ryms ganska mycket under och man kan l\u00e4sa lite allt m\u00f6jligt, och d\u00e4r tyckte jag att offentlig f\u00f6rvaltning hade lite mera konkret sikte. Nationalekonomi valde jag mest f\u00f6r att vi hade en duktig f\u00f6rel\u00e4sare som presenterade \u00e4mnet f\u00f6r oss.\u201d<\/em><\/p><\/blockquote>\n<p><strong>Vad var det viktigaste du l\u00e4rde dig under utbildningen i statsvetenskap?<\/strong><\/p>\n<p>\u201dStatskunskapen \u00e4r bra p\u00e5 det s\u00e4ttet att man l\u00e4rde sig ta in mycket information. I tenter var det i alla fall f\u00f6rr att man l\u00e4ste flera b\u00f6cker, och f\u00f6rel\u00e4sningarna \u00e4nnu till. Man l\u00e4r sig luska ut vad som \u00e4r det mest v\u00e4sentliga, och det har jag nog haft mycket nytta av nu med det h\u00e4r jobbet jag har nu som riksdagsassistent. Studierna har nog hj\u00e4lpt mig att t\u00e4nka kritiskt och inte alltid ta det f\u00f6r givet som n\u00e5gon ber\u00e4ttar \u00e5t en\u201d.<\/p>\n<p>Vi fortsatte med att fr\u00e5ga om hennes karri\u00e4r; <strong>har du jobbat p\u00e5 n\u00e5t annat st\u00e4lle \u00e4n det du jobbar p\u00e5 nu?<\/strong><\/p>\n<figure id=\"attachment_37\" aria-describedby=\"caption-attachment-37\" style=\"width: 254px\" class=\"wp-caption alignleft\"><img loading=\"lazy\" decoding=\"async\" class=\" wp-image-37\" src=\"http:\/\/blogs2.abo.fi\/grundkursistatsvetenskap2021\/wp-content\/uploads\/sites\/192\/2021\/09\/download-1.jpg\" alt=\"\" width=\"254\" height=\"339\" \/><figcaption id=\"caption-attachment-37\" class=\"wp-caption-text\">Rosanna Blomster, kommuntorget<\/figcaption><\/figure>\n<p>\u201dJag gjorde under magister\u00e5ret en praktik p\u00e5 \u00c5A:s utbildningscentrum, men det var en kort tre m\u00e5naders grej. Annars har jag sommarjobbat p\u00e5 b\u00e5ten. Sen har jag ocks\u00e5 sommarjobbat p\u00e5 Pargas kommun. Sen var jag ett \u00e5r i Bryssel och jobbade p\u00e5 kommunkontoret d\u00e4r. Det var en praktik som man kunde ans\u00f6ka genom svenska kulturfonden, vilket \u00e4r n\u00e5got jag tipsar om att h\u00e5lla \u00f6gonen \u00f6ppna f\u00f6r, ifall man vill utomlands andra v\u00e4gar \u00e4n utbyten. S\u00e5 det h\u00e4r \u00e4r nog mitt f\u00f6rsta riktiga jobb!\u201d<\/p>\n<p>&nbsp;<\/p>\n<p><strong>Vad har du f\u00f6r arbetsuppgifter?<\/strong><\/p>\n<p>\u201dMitt jobb \u00e4r ganska m\u00e5ngsidigt. Det \u00e4r mycket med att h\u00e5lla koll p\u00e5 e-posten, att g\u00e5 igenom och scrolla eller ta bort s\u00e5nt som inte \u00e4r lika viktigt och inte lika akut. Jag h\u00e5ller reda p\u00e5 kalendern en del och det \u00e4r v\u00e4l lite av de mer tr\u00e5kiga och administrativa uppgifterna. Ledam\u00f6terna har ganska lite tid att s\u00e4tta sig ner och l\u00e4sa, s\u00e5 det handlar om att ta fram den infon som beh\u00f6vs f\u00f6r vissa saker. Jag skriver utkast till kolumner och pressmeddelanden. Vi har nu ocks\u00e5 att n\u00e4r ledamoten vill fr\u00e5ga om n\u00e5got s\u00e5 kan man l\u00e4mna in en skriftlig fr\u00e5ga som d\u00e5 skickas vidare till ministrarna, om t.ex. n\u00e5gon aktuell fr\u00e5ga som \u00e4r lite \u201ctokig\u201d s\u00e5 skriver jag ocks\u00e5 utkast till dem. Man s\u00f6ker ganska mycket information i det h\u00e4r jobbet. En av mina st\u00f6rsta uppgifter handlade om fastighetsskatten i sk\u00e4rg\u00e5rden, och d\u00e5 visste jag endast att folk var arga p\u00e5 att n\u00e5got hade h\u00e4nt men jag visste inte vad.\u201d<\/p>\n<p><strong>Hur ser en vanlig arbetsdag ut f\u00f6r dig?<\/strong><\/p>\n<p>\u201dDet \u00e4r helt annorlunda under pandemin. Under det senaste 1,5 \u00e5ret har jag mest jobbat hemifr\u00e5n. I teorin har jag en 9\u20135 arbetsdag men det varierar mycket; ibland kan det bli en l\u00e4ngre dag och ibland blir det kortare dagar. Jobbet kr\u00e4ver flexibilitet eftersom man egentligen \u00e4r i jour hela tiden. Jag kan sitta i m\u00f6ten eller resa med ledamoten och d\u00e5 blir ju dagarna l\u00e4ngre. En typisk arbetsdag f\u00f6r mig under det senaste \u00e5ret har b\u00f6rjat med att jag l\u00e4ser e-posten och kollar kalendern p\u00e5 f\u00f6rmiddan, och eftermiddagen g\u00e5r ut p\u00e5 skrivuppgifter.\u201d<\/p>\n<p><strong>\u00a0Vad \u00e4r du stoltast \u00f6ver i din karri\u00e4r?<\/strong><\/p>\n<p>\u201dTroligen det att jag lyckades st\u00e5 ut i m\u00e4ngden och fick det h\u00e4r jobbet som riksdagsassistent. Vi tr\u00e4ffades n\u00e4mligen aldrig med ledamoten f\u00f6re jag blev anst\u00e4lld. Under tiden jag blev anst\u00e4lld befann jag mig i Bryssel p\u00e5 praktik. Senare har jag f\u00e5tt h\u00f6ra att ledamoten gick p\u00e5 sin magk\u00e4nsla d\u00e5 hon anst\u00e4llde mig!\u201d<\/p>\n<p><strong>Vad l\u00e4ser du f\u00f6r bok eller kollar du p\u00e5 n\u00e5gon serie just nu? Har du en favorit?<\/strong><\/p>\n<p>\u201dI somras l\u00e4ste jag boken <em>Bida sin tid<\/em>&#8211; den var inte s\u00e5 bra, men d\u00e5 jag en g\u00e5ng hade b\u00f6rjat med den s\u00e5 kunde jag inte sluta. Serier kollar jag ganska mycket p\u00e5. Just nu kollar jag p\u00e5 en serie som heter <em>The Wire<\/em> med min pojkv\u00e4n! En favorit som jag ofta sl\u00f6tittar p\u00e5 \u00e4r <em>Modern Family<\/em>.\u201d<\/p>\n<figure id=\"attachment_36\" aria-describedby=\"caption-attachment-36\" style=\"width: 478px\" class=\"wp-caption alignnone\"><img loading=\"lazy\" decoding=\"async\" class=\" wp-image-36\" src=\"http:\/\/blogs2.abo.fi\/grundkursistatsvetenskap2021\/wp-content\/uploads\/sites\/192\/2021\/09\/download.jpg\" alt=\"\" width=\"478\" height=\"358\" \/><figcaption id=\"caption-attachment-36\" class=\"wp-caption-text\">Rosanna Blomster, Kommuntorget<\/figcaption><\/figure>\n<p><strong>Har du n\u00e5gra tips till oss nya statstuderande?<\/strong><\/p>\n<p>\u201dVar \u00f6ppet sinnade f\u00f6r allt som man m\u00e5ste och inte m\u00e5ste l\u00e4sa! Juridik var ett \u00e4mne som jag d\u00e5 valde att inte l\u00e4sa, men nu d\u00e5 jag jobbar som riksdagsassistent skulle det vara bra att ha n\u00e5got slags juridiskt kunnande ocks\u00e5. Men nog klarar man sig utan det. Jag sj\u00e4lv hade i b\u00f6rjan br\u00e5ttom att bli klar i utsedd tid, men efter mitt utbyte till Tyskland d\u00e5 jag skulle inleda magisterstudierna k\u00e4nde jag att jag \u00e4nnu ville forts\u00e4tta studera. D\u00e5 b\u00f6rjade jag l\u00e4sa offentlig f\u00f6rvaltning. Ta vara p\u00e5 studietiden och g\u00f6r allt som ni vill! <em>det finns omtent men aldrig omfest!<\/em> g\u00e5 p\u00e5 festerna och l\u00e4r k\u00e4nna nya m\u00e4nniskor.\u201d<\/p>\n","protected":false},"excerpt":{"rendered":"<p>Julia Kultti och Marina Grankulla Det var Henrik Serup Christensen som tipsade oss om alumnen Rosanna Blomster. Vi ville intervjua henne eftersom hon var ung och kvinna. Dessutom hade hon en imponerande karri\u00e4r som riksdagsassistent och har erfarenhet fr\u00e5n bland annat ett kommunkontor i Bryssel. Vi utf\u00f6rde intervjun via zoom, eftersom vi kom fram till &hellip; <a href=\"https:\/\/blogs2.abo.fi\/grundkursistatsvetenskap2021\/2021\/09\/23\/rosanna-blomster-riksdagsassistent\/\" class=\"more-link\">Forts\u00e4tt l\u00e4sa <span class=\"screen-reader-text\">Rosanna Blomster, riksdagsassistent<\/span><\/a><\/p>\n","protected":false},"author":601,"featured_media":0,"comment_status":"open","ping_status":"open","sticky":false,"template":"","format":"standard","meta":{"footnotes":""},"categories":[1],"tags":[],"class_list":["post-35","post","type-post","status-publish","format-standard","hentry","category-okategoriserade"],"_links":{"self":[{"href":"https:\/\/blogs2.abo.fi\/grundkursistatsvetenskap2021\/wp-json\/wp\/v2\/posts\/35","targetHints":{"allow":["GET"]}}],"collection":[{"href":"https:\/\/blogs2.abo.fi\/grundkursistatsvetenskap2021\/wp-json\/wp\/v2\/posts"}],"about":[{"href":"https:\/\/blogs2.abo.fi\/grundkursistatsvetenskap2021\/wp-json\/wp\/v2\/types\/post"}],"author":[{"embeddable":true,"href":"https:\/\/blogs2.abo.fi\/grundkursistatsvetenskap2021\/wp-json\/wp\/v2\/users\/601"}],"replies":[{"embeddable":true,"href":"https:\/\/blogs2.abo.fi\/grundkursistatsvetenskap2021\/wp-json\/wp\/v2\/comments?post=35"}],"version-history":[{"count":3,"href":"https:\/\/blogs2.abo.fi\/grundkursistatsvetenskap2021\/wp-json\/wp\/v2\/posts\/35\/revisions"}],"predecessor-version":[{"id":42,"href":"https:\/\/blogs2.abo.fi\/grundkursistatsvetenskap2021\/wp-json\/wp\/v2\/posts\/35\/revisions\/42"}],"wp:attachment":[{"href":"https:\/\/blogs2.abo.fi\/grundkursistatsvetenskap2021\/wp-json\/wp\/v2\/media?parent=35"}],"wp:term":[{"taxonomy":"category","embeddable":true,"href":"https:\/\/blogs2.abo.fi\/grundkursistatsvetenskap2021\/wp-json\/wp\/v2\/categories?post=35"},{"taxonomy":"post_tag","embeddable":true,"href":"https:\/\/blogs2.abo.fi\/grundkursistatsvetenskap2021\/wp-json\/wp\/v2\/tags?post=35"}],"curies":[{"name":"wp","href":"https:\/\/api.w.org\/{rel}","templated":true}]}}