{"id":248,"date":"2021-10-11T13:00:46","date_gmt":"2021-10-11T11:00:46","guid":{"rendered":"https:\/\/blogs2.abo.fi\/grundkursistatsvetenskap2021\/?p=248"},"modified":"2021-10-12T18:50:54","modified_gmt":"2021-10-12T16:50:54","slug":"intervju-med-jenny-malmsten-hanna-och-maya","status":"publish","type":"post","link":"https:\/\/blogs2.abo.fi\/grundkursistatsvetenskap2021\/2021\/10\/11\/intervju-med-jenny-malmsten-hanna-och-maya\/","title":{"rendered":"Intervju med Jenny Malmsten"},"content":{"rendered":"<p><em>Maya Nordman och Hanna Pundars<\/em><\/p>\n<h1>Intervju med Jenny Malmsten<\/h1>\n<p>Till grundkursen h\u00f6r det att intervjua en alumn, och vi valde att intervjua Jenny Malmsten, kommundirekt\u00f6r i Malax.<\/p>\n<p><strong>Ber\u00e4tta om dina studier och vad du tycker har varit av nytta i ditt arbete.<\/strong><\/p>\n<ul>\n<li>Studerade statskunskap som huvud\u00e4mne med offentlig f\u00f6rvaltning som bi\u00e4mne. Det tycker jag har gett en bra grund, och det \u00e4r egentligen det jag har jobbat med i en eller annan form.<\/li>\n<\/ul>\n<p>N\u00e4r vi fr\u00e5gar om det finns kurser eller delomr\u00e5den som Malmsten k\u00e4nner att hon skulle ha haft nytta av som inte ingick i studierna, svarade hon med juridik (n\u00e4rmare sagt offentlig r\u00e4tt), och retorik.<\/p>\n<p><strong>Hur har din karri\u00e4rv\u00e4g sett ut?<\/strong><\/p>\n<ul>\n<li>Fick en praktikplats p\u00e5 Malax kommun n\u00e4r jag fortfarande hade magistersavhandlingen kvar. Skrev den vid sidan om jobbet. Arbetsuppgifterna bestod d\u00e5 av att bl.a. betala fakturor d\u00e5 jag jobbade vid ekonomienheten.<\/li>\n<\/ul>\n<p>Malmsten ber\u00e4ttade ocks\u00e5 att hon efter jobbet inom ekonomienheten \u2018\u2019arbetade sig upp\u00e5t\u2019\u2019 och fortsatte sedan som sekreterare p\u00e5 bildningsavdelningen och d\u00e4refter sysslade med n\u00e4ringsfr\u00e5gor. Efter det b\u00f6rjade hon jobba med uppgifter inom allm\u00e4n f\u00f6rvaltning inom kommunen som f\u00f6rvaltningsdirekt\u00f6r och som sedan resulterade i att hon s\u00f6kte till kommundirekt\u00f6r.<\/p>\n<ul>\n<li>Har jobbat inom kommunen i \u00f6ver 15 \u00e5r. Det ena leder till det andra och har \u00e4ven haft m\u00f6jlighet att ta tj\u00e4nstledigt och jobbat lite utomlands.<\/li>\n<\/ul>\n<p><strong>Vilka f\u00f6rdelar hade du n\u00e4r du s\u00f6kte till tj\u00e4nsten kommundirekt\u00f6r?<\/strong><\/p>\n<ul>\n<li>Kommundirekt\u00f6ren valdes p\u00e5 basen av det man s\u00f6kt, dvs. de formella beh\u00f6righetsvillkor och erfarenhet, kunskap och egenskaper som ans\u00e5gs meriterande. Kontakterna hj\u00e4lpte direkt inte utan det var nog att jag hade l\u00e5ng erfarenhet och var v\u00e4ldigt insatt i kommunalf\u00f6rvaltning och -ekonomi, kommunens verksamhet och kommunens utmaningar som var mina styrkor n\u00e4r jag s\u00f6kte jobbet som kommundirekt\u00f6r.<\/li>\n<\/ul>\n<p>Malmsten inflikar ocks\u00e5 att det \u00e4r en mycket f\u00f6r\u00e4nderlig bransch, kommunerna genomg\u00e5r den st\u00f6rsta reformen n\u00e5gonsin och en bra grund att st\u00e5 p\u00e5 hj\u00e4lper i ledandet av f\u00f6r\u00e4ndringarna i organisationen.<\/p>\n<p><strong>Beh\u00f6ver man ha en kommunal bakgrund f\u00f6r att bli kommundirekt\u00f6r?<\/strong><\/p>\n<ul>\n<li>Det beh\u00f6ver man inte. Ledarskapserfarenheter \u00e4r viktiga men de kan komma fr\u00e5n olika bakgrunder. En h\u00f6gre h\u00f6gskoleexamen kan leda till arbetet men sj\u00e4lva utbildningen man g\u00e5tt kan variera. T.ex. juridik, ekonomi, pedagogik och statsvetenskap. Det \u00e4r viktigt att f\u00e5 en formell beh\u00f6righet oavsett betyg eller vad man l\u00e4st.<\/li>\n<\/ul>\n<p><strong>Hur har ditt jobb f\u00f6r\u00e4ndrats under Covid-19 pandemin?<\/strong><\/p>\n<ul>\n<li>Kommunerna har tvingats uppdatera sina digitala verktyg, vilket \u00e4r bra. Distansarbete har blivit rekommenderat och accepterat, det har gett st\u00f6rre flexibilitet i arbets- och privatlivet. En f\u00f6rdel har ocks\u00e5 varit att f\u00f6rtroendevalda har kunnat delta i m\u00f6ten \u00e4ven om de inte har m\u00f6jlighet att vara p\u00e5 fysiskt p\u00e5 plats just d\u00e5. Nackdelar har varit att en del projekt har lagts p\u00e5 is eller dragit ut p\u00e5 tiden p.g.a. att resurserna g\u00e5tt till att hantera pandemins verkningar.<\/li>\n<\/ul>\n<p>Malmsten n\u00e4mner ocks\u00e5 att man varje dag beh\u00f6vt diskutera fr\u00e5gor som ber\u00f6r distansundervisning, hur trygga s\u00e4kerheten, hur h\u00e5lla avst\u00e5nd etc. Hon menar \u00e4nd\u00e5 att f\u00f6r\u00e4ndringarna blivit n\u00e5got normaliserade nu.<\/p>\n<p><strong>Har du n\u00e5gra tips till oss f\u00f6rsta\u00e5rsstuderande inf\u00f6r v\u00e5ra kommande studier?<\/strong><\/p>\n<ul>\n<li>Var inte r\u00e4dd att pr\u00f6va p\u00e5. All kunskap har ni nytta av, s\u00e5 ta \u00e5t er allt vad ni lyckas komma \u00f6ver. Sen n\u00e4r ni har hittat n\u00e5got ni \u00e4r intresserade av, f\u00f6rdjupa er i det, f\u00e5 en bra grund, och se till att ni f\u00e5r examen i hand. Det \u00e4r den formella beh\u00f6righeten som spelar roll n\u00e4r man s\u00f6ker jobb.<\/li>\n<\/ul>\n<p>Intervju av Maya Nordman och Hanna Pundars 17.09.2021<\/p>\n","protected":false},"excerpt":{"rendered":"<p>Maya Nordman och Hanna Pundars Intervju med Jenny Malmsten Till grundkursen h\u00f6r det att intervjua en alumn, och vi valde att intervjua Jenny Malmsten, kommundirekt\u00f6r i Malax. Ber\u00e4tta om dina studier och vad du tycker har varit av nytta i ditt arbete. Studerade statskunskap som huvud\u00e4mne med offentlig f\u00f6rvaltning som bi\u00e4mne. Det tycker jag har &hellip; <a href=\"https:\/\/blogs2.abo.fi\/grundkursistatsvetenskap2021\/2021\/10\/11\/intervju-med-jenny-malmsten-hanna-och-maya\/\" class=\"more-link\">Forts\u00e4tt l\u00e4sa <span class=\"screen-reader-text\">Intervju med Jenny Malmsten<\/span><\/a><\/p>\n","protected":false},"author":666,"featured_media":0,"comment_status":"open","ping_status":"open","sticky":false,"template":"","format":"standard","meta":{"footnotes":""},"categories":[1],"tags":[],"class_list":["post-248","post","type-post","status-publish","format-standard","hentry","category-okategoriserade"],"_links":{"self":[{"href":"https:\/\/blogs2.abo.fi\/grundkursistatsvetenskap2021\/wp-json\/wp\/v2\/posts\/248","targetHints":{"allow":["GET"]}}],"collection":[{"href":"https:\/\/blogs2.abo.fi\/grundkursistatsvetenskap2021\/wp-json\/wp\/v2\/posts"}],"about":[{"href":"https:\/\/blogs2.abo.fi\/grundkursistatsvetenskap2021\/wp-json\/wp\/v2\/types\/post"}],"author":[{"embeddable":true,"href":"https:\/\/blogs2.abo.fi\/grundkursistatsvetenskap2021\/wp-json\/wp\/v2\/users\/666"}],"replies":[{"embeddable":true,"href":"https:\/\/blogs2.abo.fi\/grundkursistatsvetenskap2021\/wp-json\/wp\/v2\/comments?post=248"}],"version-history":[{"count":3,"href":"https:\/\/blogs2.abo.fi\/grundkursistatsvetenskap2021\/wp-json\/wp\/v2\/posts\/248\/revisions"}],"predecessor-version":[{"id":253,"href":"https:\/\/blogs2.abo.fi\/grundkursistatsvetenskap2021\/wp-json\/wp\/v2\/posts\/248\/revisions\/253"}],"wp:attachment":[{"href":"https:\/\/blogs2.abo.fi\/grundkursistatsvetenskap2021\/wp-json\/wp\/v2\/media?parent=248"}],"wp:term":[{"taxonomy":"category","embeddable":true,"href":"https:\/\/blogs2.abo.fi\/grundkursistatsvetenskap2021\/wp-json\/wp\/v2\/categories?post=248"},{"taxonomy":"post_tag","embeddable":true,"href":"https:\/\/blogs2.abo.fi\/grundkursistatsvetenskap2021\/wp-json\/wp\/v2\/tags?post=248"}],"curies":[{"name":"wp","href":"https:\/\/api.w.org\/{rel}","templated":true}]}}