{"id":237,"date":"2021-10-08T19:31:30","date_gmt":"2021-10-08T17:31:30","guid":{"rendered":"https:\/\/blogs2.abo.fi\/grundkursistatsvetenskap2021\/?p=237"},"modified":"2021-10-08T19:31:30","modified_gmt":"2021-10-08T17:31:30","slug":"intervju-med-ebba-hakans","status":"publish","type":"post","link":"https:\/\/blogs2.abo.fi\/grundkursistatsvetenskap2021\/2021\/10\/08\/intervju-med-ebba-hakans\/","title":{"rendered":"Intervju med Ebba H\u00e5kans"},"content":{"rendered":"<p><i>Helmi \u00d6sterlund &amp; Daniel Ekblad<\/i><\/p>\n<p><b>Ebba H\u00e5kans, politices magister, statskunskap med masskommunikation<\/b><\/p>\n<p><span style=\"font-weight: 400\">Ebba H\u00e5kans visste redan i h\u00f6gstadiet att hon ville bli journalist. Hon var politiskt intresserad, och d\u00e4rf\u00f6r var det tur att det i Vasa fanns en studieinriktning, statskunskap med masskommunikation, som kombinerade dessa tv\u00e5 intressen. Ut\u00f6ver detta var Ebba \u00e4ven intresserad av matlagning, och jobbade som kock under sin studietid. Detta intresse av matlagning har f\u00f6ljt med henne \u00e4ven under hennes karri\u00e4r som journalist.\u00a0<\/span><\/p>\n<p><span style=\"font-weight: 400\">Under de f\u00f6rsta \u00e5ren som studerande var fokus p\u00e5 politisk historia samt f\u00f6rvaltning.\u00a0<\/span><\/p>\n<p><span style=\"font-weight: 400\">&#8221;Man anv\u00e4nder kandidatstudierna f\u00f6r att hitta ett fokusomr\u00e5de, vad vill man specialisera sig p\u00e5 som journalist, och sedan under magistersstudierna \u00e4r fokus p\u00e5 de praktiska arbetet som journalist. Man skriver v\u00e4ldigt mycket under den tiden, och f\u00e5r \u00f6va sig p\u00e5 att skriva journalistisk, som skiljer sig fr\u00e5n att skriva akademiskt. &#8221; Ber\u00e4ttar Ebba<\/span><\/p>\n<p><span style=\"font-weight: 400\">Till studierna inom masskommunikation h\u00f6rde en obligatorisk praktik. Ebba valde att g\u00f6ra en praktik p\u00e5 Vasabladet samt en l\u00e4ngre praktik p\u00e5 Hufvudstadsbladet (HBL). Praktiken p\u00e5 HBL var en bra chans att f\u00e5 foten mellan d\u00f6rren, d\u00e5 Ebba funderat kring att flytta till Helsingfors.\u00a0<\/span><\/p>\n<p><span style=\"font-weight: 400\">Ut\u00f6ver sina praktikperioder valde Ebba \u00e4ven att ta del av en Utbytesperiod i G\u00f6teborgs universitet, p\u00e5 journalist- och medialinjen, som hon kunde varmt rekommendera andra som \u00e4r intresserade av journalistik.\u00a0<\/span><\/p>\n<p><span style=\"font-weight: 400\">&#8221;G\u00f6teborg lockade f\u00f6r att jag t\u00e4nkte mig staden representera den journalistik som jag tycker om, men \u00e4ven en stad som passar en kock, med massa restauranger och s\u00e5dant. &#8221;<\/span><\/p>\n<p><b>Ebbas karri\u00e4r efter examen<\/b><\/p>\n<p><span style=\"font-weight: 400\">Sedan Ebba tog examen \u00e5r 2015 har Ebba f\u00e5tt m\u00f6jligheten att prova p\u00e5 en m\u00e4ngd olika arbetsplatser, b\u00e5de i Norden och i \u00f6vriga Europa. Hon har i sin tidiga karri\u00e4r jobbat med media b\u00e5de vid Hufvudstadsbladet, Studentbladet och Vasabladet, samtidigt som hon ocks\u00e5 har hittat tid att f\u00f6rverkliga sin kulinariska passion i olika professionella k\u00f6k runt om i Europa. Arbetserfarenhet inom journalistik fick hon redan under studietiden som frilansjournalist och bloggare f\u00f6r HBL.<\/span><\/p>\n<p><span style=\"font-weight: 400\">&#8221;Under min studietid kom jag fram till att jag vill kombinera politik, journalistik och mat. Dr\u00f6mmen var att ha en \u201cfood truck\u201d att k\u00f6ra runt i v\u00e4rlden med, och laga mat samtidigt som jag skriver artiklar.&#8221;<\/span><\/p>\n<p><span style=\"font-weight: 400\">V\u00e4gen till m\u00e5let att f\u00e5 kombinera mat, journalistik och politik i sin karri\u00e4r ledde Ebba ut ur Finland redan innan hon hunnit avl\u00e4gga sin magisterexamen. Resan gick till Tjeckien, d\u00e4r hon fick forts\u00e4tta att skriva f\u00f6r HBL samtidigt som hon skrev sin pro gradu och arbetade i ett Tjeckiskt k\u00f6k.<\/span><\/p>\n<p><span style=\"font-weight: 400\">&#8221;Jag arbetade nog konstant. Vi hade en tv\u00e5 timmars paus under arbetsdagen p\u00e5 restaurangen, d\u00e5 skrev jag p\u00e5 gradun.&#8221;<\/span><\/p>\n<p><i><span style=\"font-weight: 400\">Och samtidigt var du ocks\u00e5 journalist f\u00f6r HBL?<\/span><\/i><\/p>\n<p><span style=\"font-weight: 400\">&#8221;Ja, journalist och bloggare. Jag gjorde ett st\u00f6rre matreportage i m\u00e5naden, och bloggade n\u00e5gra g\u00e5nger per vecka.&#8221;<\/span><\/p>\n<p><span style=\"font-weight: 400\">Efter att ha provat p\u00e5 milj\u00f6n Tjeckien och senare \u00e4ven Norge, s\u00e5 \u00e5terv\u00e4nde Ebba till Finland med siktet inst\u00e4llt p\u00e5 att satsa p\u00e5 journalistiken p\u00e5 allvar. Hon lyckades f\u00e5 tj\u00e4nst som redakt\u00f6r f\u00f6r Studentbladet, en svenskspr\u00e5kig studenttidning med huvuds\u00e4tet i Helsingfors. Erfarenheterna hos Studentbladet \u00e4r en k\u00e4r erfarenhet f\u00f6r Ebba, som blev befordrad till chefredakt\u00f6r efter ett halv\u00e5r. Totalt varade anst\u00e4llningsf\u00f6rh\u00e5llandet ett och ett halvt \u00e5r.<\/span><\/p>\n<p><span style=\"font-weight: 400\">&#8221;Det om n\u00e5got var en v\u00e4ldigt bra start p\u00e5 journalist karri\u00e4ren i Finland. Man fick vara sin egen chef &#8211; Jag fick tid att l\u00e4ra k\u00e4nna mig sj\u00e4lv.&#8221;<\/span><\/p>\n<p><span style=\"font-weight: 400\">Enligt Ebba \u00e4r Studentbladet \u00e4nd\u00e5 inte en arbetsplats som man vanligtvis satsar l\u00e5ngsiktigt p\u00e5, utan snarare en plats d\u00e4r man f\u00e5r l\u00e4ra sig om journalistyrket f\u00f6r att senare g\u00e5 vidare. Resan efter den erfarenheten ledde tillbaka hem till Vasa, och redaktionen vid Vasabladet d\u00e4r hon jobbar idag som frilansjournalist.<\/span><\/p>\n<p><i><span style=\"font-weight: 400\">Hur \u00e4r det att arbeta p\u00e5 finlandssvenska redaktioner med tanke p\u00e5 tv\u00e5spr\u00e5kigheten i v\u00e5rt land?<\/span><\/i><\/p>\n<p><span style=\"font-weight: 400\">&#8221;Om man har stora journalistiska ambitioner, s\u00e5 d\u00e5 \u00e4r det inte s\u00e5 bra att inte vara 100% p\u00e5 finska spr\u00e5ket. &#8211; N\u00e4r jag bodde i Helsingfors och jobbade p\u00e5 finska s\u00e5 k\u00e4nde jag att min finska utvecklades. Men \u00e5ren utomlands hj\u00e4lpte ju inte&#8221;<\/span><\/p>\n<p>&nbsp;<\/p>\n<p><span style=\"font-weight: 400\">Ebba producerar inte inneh\u00e5ll p\u00e5 finska. Men det finska spr\u00e5ket \u00e4r f\u00f6r henne, precis som f\u00f6r de flesta finlandssvenska journalister, viktiga n\u00e4r det kommer till att intervjua finskspr\u00e5kiga personer.<\/span><\/p>\n<p><span style=\"font-weight: 400\">&#8221;Intervjuerna \u00e4r ju v\u00e4ldigt viktiga f\u00f6r vilken text man f\u00e5r. Om man inte beh\u00e4rskar spr\u00e5ket kanske man missar att st\u00e4lla en f\u00f6ljdfr\u00e5ga, eftersom att man inte \u00e4r snabb nog.&#8221;<\/span><\/p>\n<p><span style=\"font-weight: 400\">Just nu st\u00e5r Ebbas karri\u00e4r i ett v\u00e4gsk\u00e4l. F\u00f6retagardr\u00f6mmen och l\u00e4ngtan f\u00f6r nya milj\u00f6er finns kvar, men tryggheten av en fast anst\u00e4llning p\u00e5 Vasabladet lockar ocks\u00e5. Den lokala k\u00e4nnedomen av hennes hemtrakter i Vasaregionen har varit till stor hj\u00e4lp, och hon har ocks\u00e5 alla andra f\u00f6ruts\u00e4ttningar f\u00f6r en lysande journalistkarri\u00e4r i Vasa.<\/span><\/p>\n<p><span style=\"font-weight: 400\">&#8221;Fastanst\u00e4llning med m\u00f6jligheten f\u00f6r tj\u00e4nstledigt i fall m\u00f6jligheter dyker upp skulle vara det b\u00e4sta.&#8221;<\/span><\/p>\n","protected":false},"excerpt":{"rendered":"<p>Helmi \u00d6sterlund &amp; Daniel Ekblad Ebba H\u00e5kans, politices magister, statskunskap med masskommunikation Ebba H\u00e5kans visste redan i h\u00f6gstadiet att hon ville bli journalist. Hon var politiskt intresserad, och d\u00e4rf\u00f6r var det tur att det i Vasa fanns en studieinriktning, statskunskap med masskommunikation, som kombinerade dessa tv\u00e5 intressen. Ut\u00f6ver detta var Ebba \u00e4ven intresserad av matlagning, &hellip; <a href=\"https:\/\/blogs2.abo.fi\/grundkursistatsvetenskap2021\/2021\/10\/08\/intervju-med-ebba-hakans\/\" class=\"more-link\">Forts\u00e4tt l\u00e4sa <span class=\"screen-reader-text\">Intervju med Ebba H\u00e5kans<\/span><\/a><\/p>\n","protected":false},"author":676,"featured_media":0,"comment_status":"open","ping_status":"open","sticky":false,"template":"","format":"quote","meta":{"footnotes":""},"categories":[1],"tags":[],"class_list":["post-237","post","type-post","status-publish","format-quote","hentry","category-okategoriserade","post_format-post-format-quote"],"_links":{"self":[{"href":"https:\/\/blogs2.abo.fi\/grundkursistatsvetenskap2021\/wp-json\/wp\/v2\/posts\/237","targetHints":{"allow":["GET"]}}],"collection":[{"href":"https:\/\/blogs2.abo.fi\/grundkursistatsvetenskap2021\/wp-json\/wp\/v2\/posts"}],"about":[{"href":"https:\/\/blogs2.abo.fi\/grundkursistatsvetenskap2021\/wp-json\/wp\/v2\/types\/post"}],"author":[{"embeddable":true,"href":"https:\/\/blogs2.abo.fi\/grundkursistatsvetenskap2021\/wp-json\/wp\/v2\/users\/676"}],"replies":[{"embeddable":true,"href":"https:\/\/blogs2.abo.fi\/grundkursistatsvetenskap2021\/wp-json\/wp\/v2\/comments?post=237"}],"version-history":[{"count":2,"href":"https:\/\/blogs2.abo.fi\/grundkursistatsvetenskap2021\/wp-json\/wp\/v2\/posts\/237\/revisions"}],"predecessor-version":[{"id":239,"href":"https:\/\/blogs2.abo.fi\/grundkursistatsvetenskap2021\/wp-json\/wp\/v2\/posts\/237\/revisions\/239"}],"wp:attachment":[{"href":"https:\/\/blogs2.abo.fi\/grundkursistatsvetenskap2021\/wp-json\/wp\/v2\/media?parent=237"}],"wp:term":[{"taxonomy":"category","embeddable":true,"href":"https:\/\/blogs2.abo.fi\/grundkursistatsvetenskap2021\/wp-json\/wp\/v2\/categories?post=237"},{"taxonomy":"post_tag","embeddable":true,"href":"https:\/\/blogs2.abo.fi\/grundkursistatsvetenskap2021\/wp-json\/wp\/v2\/tags?post=237"}],"curies":[{"name":"wp","href":"https:\/\/api.w.org\/{rel}","templated":true}]}}