{"id":204,"date":"2021-10-08T07:42:02","date_gmt":"2021-10-08T05:42:02","guid":{"rendered":"https:\/\/blogs2.abo.fi\/grundkursistatsvetenskap2021\/?p=204"},"modified":"2021-10-08T07:42:02","modified_gmt":"2021-10-08T05:42:02","slug":"intervju-med-anna-sand","status":"publish","type":"post","link":"https:\/\/blogs2.abo.fi\/grundkursistatsvetenskap2021\/2021\/10\/08\/intervju-med-anna-sand\/","title":{"rendered":"Intervju med Anna Sand"},"content":{"rendered":"<p>Vi valde att intervjua Anna Sand som tidigare studerat statsvetenskap vid \u00c5bo Akademi i Vasa. Vi ville g\u00e4rna intervjua en entrepren\u00f6r och hittade Anna via LinkedIn och tog kontakt med henne d\u00e4r. Intervjun ordnades via Zoom.<\/p>\n<p><strong>Anna Sand<\/strong><\/p>\n<p>Anna har \u00f6ver 20 \u00e5rs erfarenhet av mediebranschen och driver f\u00f6retaget by Sand. By Sand erbjuder olika typer av inneh\u00e5llsproduktion s\u00e5som exempelvis reportage, markandsf\u00f6ringstexter och hemsidetexter samt fotografering och grafisk design.<\/p>\n<p>Bekanta dig g\u00e4rna n\u00e4rmare med by Sand p\u00e5 hemsidan <a href=\"http:\/\/www.bysand.fi\">www.bysand.fi<\/a><\/p>\n<p><strong>V\u00e4gen fr\u00e5n statskunskapsstuderande till egenf\u00f6retagare<\/strong><\/p>\n<p>Direkt efter gymnasiet p\u00e5b\u00f6rjade Anna sina studier i statskunskap vid \u00c5bo Akademi i Vasa med offentlig f\u00f6rvaltning som f\u00f6rsta bi\u00e4mne och marknadsf\u00f6ring vid Hanken som andra bi\u00e4mne. Mediadelen som bi\u00e4mne gick vartannat \u00e5r och var n\u00e5got som starkt intresserade Anna eftersom hon ville bli journalist. Men med en h\u00f6g konkurrens slapp hon inte in under de 4 \u00e5r som hon tog sin magisterexamen. Under det sista \u00e5ret av studierna b\u00f6rjade hon frilansa p\u00e5 Kustmedia, d\u00e4r hon \u00e4ven efter examen fick fast anst\u00e4llning och jobbade 5 \u00e5r som redakt\u00f6r. D\u00e4refter blev hon hemma sammanlagt 6 \u00e5r med sina barn. N\u00e4r hon \u00e5terv\u00e4nde till arbetslivet valde hon att starta eget f\u00f6retag som frilans eftersom det fungerade b\u00e4st i hennes d\u00e5varande situation. \u201dJag har absolut aldrig dr\u00f6mt och det och ville egentligen inte heller bli det\u201d svarar Anna n\u00e4r vi fr\u00e5gar om planer fanns kring egenf\u00f6retagande. Vidare ber\u00e4ttar Anna att hon inte kommer fr\u00e5n en f\u00f6retagarfamilj och att det till en b\u00f6rjan faktiskt var det enda som fungerade d\u00e4r och d\u00e5. Efter ett tag blev det allt mer p\u00e5 allvar och hon tog sig an fler kunder och uppdrag. Idag har Anna uppdrag allt mellan Kristinestad och Karleby och haft f\u00f6retaget by Sand i totalt 9 \u00e5r.<\/p>\n<p><strong>Ett intresse f\u00f6r fotografi och grafisk design<\/strong><\/p>\n<p>Ut\u00f6ver text- och reportageproduktion och inneh\u00e5llsproduktion f\u00f6r webb jobbar hon \u00e4ven med fotografi och grafisk design. Via hennes anst\u00e4llning p\u00e5 Kustmedia fick hon g\u00e5 fler grundl\u00e4ggande kurser i bland annat Photoshop och Indesign. \u00c4ven en ett\u00e5rig utbildning p\u00e5 YA som publikationstekniker har gett henne kunskap inom \u00e4mnet samt en fortbildning i marknadsf\u00f6ring p\u00e5 sociala medier via Hanken. Anna s\u00e4ger \u201dfoto har jag alltid varit intresserad av\u201d och att hon l\u00e4rt sig mycket p\u00e5 egen hand.<\/p>\n<p><strong>Typisk arbetsvecka och uppgifter<\/strong><\/p>\n<p>Annas arbetsveckor som egenf\u00f6retagare \u00e4r omv\u00e4xlande och hon f\u00e5r en insyn i m\u00e5nga typer av branscher samt tr\u00e4ffar ofta nya m\u00e4nniskor. Uppdragen \u00e4r varierande och kan vara allt fr\u00e5n att skriva reportage, producera nyhetsbrev, skriva hemsidetexter till att sk\u00f6ta om f\u00f6retags konton p\u00e5 sociala medier. Samt produktion av hela kundtidningar \u00e5t f\u00f6retag, reklamfotograferingar samt ombrytning av tidningar eller broschyrer och annat markandsf\u00f6ringsmaterial.<\/p>\n<p>Det finns nog ocks\u00e5 vissa \u00e5terkommande projekt med deadlines varje m\u00e5nad, t.ex. reportage \u00e5t f\u00f6retagsnyhetsbrev.<\/p>\n<p>Vanligt \u00e4r det ocks\u00e5 med intervjuer och m\u00f6ten med kunderna. Under intervjun l\u00e4ste hon ocks\u00e5 ur kalendern hur hon reserverat en hel dag att endast skriva reportage. N\u00e4r vi under intervjun fr\u00e5gar hur en vanlig arbetsvecka ser ut s\u00e4ger Anna \u201ddet finns ju inte tv\u00e5 som \u00e4r likadana\u201d, vilket sammanfattar hennes arbete bra.<\/p>\n<p><strong>Mest bel\u00f6nande och utmanande med att driva eget<\/strong><\/p>\n<p>Ett konkret exempel p\u00e5 det mest bel\u00f6nande \u00e4r n\u00e4r hon f\u00e5r ett klart st\u00f6rre projekt i handen. Som till exempel n\u00e4r en kundtidning hon jobbat med tryckts och hon f\u00e5r den f\u00e4rdiga produkten i postl\u00e5dan. Visst \u00e4r klara webbprojekt ocks\u00e5 kul men det \u00e4r n\u00e5got speciellt med den fysiska produkten. Ekonomin var ett klart svar n\u00e4r vi undrade vad det fanns f\u00f6r utmaningar. Anna ber\u00e4ttade att priss\u00e4ttning i branschen \u00e4r sv\u00e5rt eftersom konkurrensen \u00e4r h\u00e5rd och transparens saknas. Det kan ocks\u00e5 vara utmanande att veta hur mycket tid som beh\u00f6vs f\u00f6r nya kunder och projekt. Som ensam \u00e4r det ocks\u00e5 s\u00e5klart sv\u00e5rare n\u00e4r arbetsm\u00e4ngden \u00f6kar och d\u00e4rf\u00f6r \u00e4r det viktigt att veta sin gr\u00e4ns. St\u00f6rsta nackdelen med egenf\u00f6retagandet \u00e4r nog saknandet av ett sammanhang och kollegor, t.ex. inga julfester sk\u00e4mtade Anna och sa.<\/p>\n<p><strong>Tillbakablick p\u00e5 studierna<\/strong><\/p>\n<p>Eftersom Anna studerat b\u00e5de p\u00e5 \u00c5A och en del p\u00e5 Hanken ber\u00e4ttar hon att hon upplevde enorm skillnad mellan dem. Hon n\u00e4mner att det var lite f\u00f6rel\u00e4sningar vid \u00c5A och mera sj\u00e4lvstudier, \u201dsitta hemma, l\u00e4sa, fara och tenta\u201d beskriver hon det som. Sj\u00e4lvstudierna f\u00f6rde i och f\u00f6r sig med sig positiva f\u00f6ljder eftersom man gjorde det som skulle g\u00f6ras och l\u00e4rde sig disciplin, beskriver Anna. Bi\u00e4mnet offentlig f\u00f6rvaltning gav henne dessutom en bra inblick i hur samh\u00e4llet, kommunen och staten fungerar, vilket gjort att hon dessutom suttit som f\u00f6rtroendevald i fullm\u00e4ktige i 4 \u00e5r samt i andra f\u00f6rtroendeorgan i Korsholms kommun.<\/p>\n<p><strong>Tips f\u00f6r blivande entrepren\u00f6rer i mediabranschen<\/strong><\/p>\n<p>Enligt Anna \u00e4r konkurrensen h\u00e5rd i Vasa och det finns m\u00e5nga unga mediebyr\u00e5er. F\u00f6r att d\u00e4rf\u00f6r lyckas bra \u00e4r ett stort n\u00e4tverk fr\u00e5n b\u00f6rjan A och O. Att vara social, v\u00e5ga ta f\u00f6r sig och vara synlig fr\u00e5n b\u00f6rjan \u00e4r ocks\u00e5 v\u00e4ldigt viktigt. M\u00e5nga mediebyr\u00e5er erbjuder i dagens l\u00e4ge ganska mycket likadana tj\u00e4nster och Annas tips \u00e4r att bli riktigt duktig p\u00e5 videoproduktion som kommer att spela en allt st\u00f6rre roll i framtiden. Videoproduktion var inte lika vanligt n\u00e4r hon b\u00f6rjade och \u00e4r n\u00e5got som hon ocks\u00e5 skulle vilja l\u00e4ra sig mera om.<\/p>\n<p>&nbsp;<\/p>\n<p>Rosanna Jakobsen &amp; Mathilda Sj\u00f6blom<\/p>\n","protected":false},"excerpt":{"rendered":"<p>Vi valde att intervjua Anna Sand som tidigare studerat statsvetenskap vid \u00c5bo Akademi i Vasa. Vi ville g\u00e4rna intervjua en entrepren\u00f6r och hittade Anna via LinkedIn och tog kontakt med henne d\u00e4r. Intervjun ordnades via Zoom. Anna Sand Anna har \u00f6ver 20 \u00e5rs erfarenhet av mediebranschen och driver f\u00f6retaget by Sand. By Sand erbjuder olika &hellip; <a href=\"https:\/\/blogs2.abo.fi\/grundkursistatsvetenskap2021\/2021\/10\/08\/intervju-med-anna-sand\/\" class=\"more-link\">Forts\u00e4tt l\u00e4sa <span class=\"screen-reader-text\">Intervju med Anna Sand<\/span><\/a><\/p>\n","protected":false},"author":654,"featured_media":0,"comment_status":"open","ping_status":"open","sticky":false,"template":"","format":"standard","meta":{"footnotes":""},"categories":[1],"tags":[],"class_list":["post-204","post","type-post","status-publish","format-standard","hentry","category-okategoriserade"],"_links":{"self":[{"href":"https:\/\/blogs2.abo.fi\/grundkursistatsvetenskap2021\/wp-json\/wp\/v2\/posts\/204","targetHints":{"allow":["GET"]}}],"collection":[{"href":"https:\/\/blogs2.abo.fi\/grundkursistatsvetenskap2021\/wp-json\/wp\/v2\/posts"}],"about":[{"href":"https:\/\/blogs2.abo.fi\/grundkursistatsvetenskap2021\/wp-json\/wp\/v2\/types\/post"}],"author":[{"embeddable":true,"href":"https:\/\/blogs2.abo.fi\/grundkursistatsvetenskap2021\/wp-json\/wp\/v2\/users\/654"}],"replies":[{"embeddable":true,"href":"https:\/\/blogs2.abo.fi\/grundkursistatsvetenskap2021\/wp-json\/wp\/v2\/comments?post=204"}],"version-history":[{"count":1,"href":"https:\/\/blogs2.abo.fi\/grundkursistatsvetenskap2021\/wp-json\/wp\/v2\/posts\/204\/revisions"}],"predecessor-version":[{"id":205,"href":"https:\/\/blogs2.abo.fi\/grundkursistatsvetenskap2021\/wp-json\/wp\/v2\/posts\/204\/revisions\/205"}],"wp:attachment":[{"href":"https:\/\/blogs2.abo.fi\/grundkursistatsvetenskap2021\/wp-json\/wp\/v2\/media?parent=204"}],"wp:term":[{"taxonomy":"category","embeddable":true,"href":"https:\/\/blogs2.abo.fi\/grundkursistatsvetenskap2021\/wp-json\/wp\/v2\/categories?post=204"},{"taxonomy":"post_tag","embeddable":true,"href":"https:\/\/blogs2.abo.fi\/grundkursistatsvetenskap2021\/wp-json\/wp\/v2\/tags?post=204"}],"curies":[{"name":"wp","href":"https:\/\/api.w.org\/{rel}","templated":true}]}}