{"id":201,"date":"2021-10-07T18:40:33","date_gmt":"2021-10-07T16:40:33","guid":{"rendered":"https:\/\/blogs2.abo.fi\/grundkursistatsvetenskap2021\/?p=201"},"modified":"2021-10-07T18:40:33","modified_gmt":"2021-10-07T16:40:33","slug":"journalisten-som-samhallspaverkare-i-ett-komplext-medielandskap-3","status":"publish","type":"post","link":"https:\/\/blogs2.abo.fi\/grundkursistatsvetenskap2021\/2021\/10\/07\/journalisten-som-samhallspaverkare-i-ett-komplext-medielandskap-3\/","title":{"rendered":"Journalisten som samh\u00e4llsp\u00e5verkare i ett komplext medielandskap"},"content":{"rendered":"<p><span style=\"font-weight: 400\">Klas Backholms g\u00e4stf\u00f6rel\u00e4sning den 13 september handlade om journalisten som samh\u00e4llsp\u00e5verkare i ett komplext medielandskap. Backholm f\u00f6rklarade hur v\u00e5r vardag har blivit \u201cgenommedialiserad\u201d. Vi kommunicerar aktivt med varandra via varierande kanaler och har konstant tillg\u00e5ng till massmediainneh\u00e5ll. \u00c4ven om vi lever i ett s\u00e5 kallat komplext media landskap s\u00e5 har inte journalistens roll \u00e4ndrat m\u00e4rkbart. Journalister f\u00f6ljer fortfarande de samma journalistreglerna men kanalerna och hur dessa anv\u00e4nds f\u00f6r\u00e4ndras. I \u201cUnderstanding Journalism\u201d lyfter Burns (2002:7) fram problematiken kring vad dagens journalister st\u00e5r inf\u00f6r. D\u00e5 journalister s\u00f6ker nyhets\u00e4mnen att presentera s\u00e5 m\u00e5ste de \u00f6verv\u00e4ga professionella, kommersiella och etiska faktorer samt bibeh\u00e5lla journalismens viktiga roll i samh\u00e4llet.<\/span><\/p>\n<p><span style=\"font-weight: 400\">Journalistens roll kan indelas i tv\u00e5 roller- informationsroll och granskarroll. En journalist ska p\u00e5 ett enkelt s\u00e4tt kunna ber\u00e4tta f\u00f6r l\u00e4saren om s\u00e5dant som p\u00e5g\u00e5r i samh\u00e4llet och varf\u00f6r det \u00e4r viktigt. Vid behov b\u00f6r journalisten \u00e4ven ifr\u00e5gas\u00e4tta. Ett lokalt och aktuellt exempel \u00e4r Vasabladets artikel publicerad 23.09.2021 om v\u00e5rdarupplevelser p\u00e5 akuten p\u00e5 Vasa Centralsjukhus. I artikeln ber\u00e4ttar fyra sjuksk\u00f6tare anonymt om hur arbetsbelastningen \u00f6kat de senaste tv\u00e5 \u00e5ren med coronapandemin som en viktig orsak. Artikeln lyfter fram hur sjuksk\u00f6tare sagt upp sig och hur det r\u00e5der brist av sjuksk\u00f6tare p\u00e5 skift. \u00c4mnet \u00e4r helt klart av intresse f\u00f6r inv\u00e5narna- finns det v\u00e5rdare som kan ta emot mig om jag beh\u00f6ver akutv\u00e5rd? Journalisterna informerar s\u00e5ledes l\u00e4sarna om ett m\u00f6jligt problem och ifr\u00e5gas\u00e4tter r\u00e5dande uppfattningar. Viktig aspekt i detta fall \u00e4r att de inblandade parterna, sjukhusledningen, v\u00e5rdpolitiker och v\u00e5rdfacket \u00e4ven fick komma till tals med sina st\u00e5ndpunkter. Artikeln v\u00e4ckte m\u00e5nga reaktioner och ledde till debatt vilket f\u00f6rhoppningsvis kan leda till f\u00f6rb\u00e4ttringar i situationen och s\u00e5ledes samh\u00e4llet.\u00a0<\/span><\/p>\n<p><span style=\"font-weight: 400\">Vidare presenterade Backholm sina forskningsresultat om i vilken utstr\u00e4ckning har journalistarbete under pandemin lett till att journalisterna m\u00e5r s\u00e4mre psykiskt. Studien baserar sig p\u00e5 data insamlat genom fr\u00e5geformul\u00e4r i tre omg\u00e5ngar, tv\u00e5 omg\u00e5ngar i Norge 2020 och en i Finland 2021. 74 &#8211; 77% uppgav att de upplevt \u00e5tminstone en typ av negativ reaktion varav ensamhet, \u00e5ngest och utmattning var de vanligaste reaktionerna. Resultaten visade \u00e4ven tydligt att viruskontakt p\u00e5 jobbet, utmaningar med distansjobb och ett minskat st\u00f6d fr\u00e5n kollegor och chef resulterade i s\u00e4mre psykiskt m\u00e5ende. Man kan konstatera att journalisten roll i samh\u00e4llet med stor sannolikhet kommer att f\u00f6rbli viktig \u00e4ven i framtiden men f\u00f6r\u00e4ndringar sker i utbudet av kanaler och dess anv\u00e4ndning samt ett behov att anpassa utf\u00f6randet av arbetet att passa r\u00e5dande situationer.<\/span><\/p>\n<p>Rosanna Jakobs\u00e9n<\/p>\n<p>&nbsp;<\/p>\n<p><span style=\"font-weight: 400\">K\u00e4llor:<\/span><\/p>\n<p><span style=\"font-weight: 400\">Backholm, K. (2021) <em>Journalisten som samh\u00e4llsp\u00e5verkare i ett komplext medielandskap.<\/em> Vasa 13.09.2021<\/span><\/p>\n<p><span style=\"font-weight: 400\">Burns, L.S. (2002) <em>Understanding Journalism<\/em>. Sage Publications Ltd.<\/span><\/p>\n","protected":false},"excerpt":{"rendered":"<p>Klas Backholms g\u00e4stf\u00f6rel\u00e4sning den 13 september handlade om journalisten som samh\u00e4llsp\u00e5verkare i ett komplext medielandskap. Backholm f\u00f6rklarade hur v\u00e5r vardag har blivit \u201cgenommedialiserad\u201d. Vi kommunicerar aktivt med varandra via varierande kanaler och har konstant tillg\u00e5ng till massmediainneh\u00e5ll. \u00c4ven om vi lever i ett s\u00e5 kallat komplext media landskap s\u00e5 har inte journalistens roll \u00e4ndrat m\u00e4rkbart. &hellip; <a href=\"https:\/\/blogs2.abo.fi\/grundkursistatsvetenskap2021\/2021\/10\/07\/journalisten-som-samhallspaverkare-i-ett-komplext-medielandskap-3\/\" class=\"more-link\">Forts\u00e4tt l\u00e4sa <span class=\"screen-reader-text\">Journalisten som samh\u00e4llsp\u00e5verkare i ett komplext medielandskap<\/span><\/a><\/p>\n","protected":false},"author":654,"featured_media":0,"comment_status":"open","ping_status":"open","sticky":false,"template":"","format":"standard","meta":{"footnotes":""},"categories":[1],"tags":[],"class_list":["post-201","post","type-post","status-publish","format-standard","hentry","category-okategoriserade"],"_links":{"self":[{"href":"https:\/\/blogs2.abo.fi\/grundkursistatsvetenskap2021\/wp-json\/wp\/v2\/posts\/201","targetHints":{"allow":["GET"]}}],"collection":[{"href":"https:\/\/blogs2.abo.fi\/grundkursistatsvetenskap2021\/wp-json\/wp\/v2\/posts"}],"about":[{"href":"https:\/\/blogs2.abo.fi\/grundkursistatsvetenskap2021\/wp-json\/wp\/v2\/types\/post"}],"author":[{"embeddable":true,"href":"https:\/\/blogs2.abo.fi\/grundkursistatsvetenskap2021\/wp-json\/wp\/v2\/users\/654"}],"replies":[{"embeddable":true,"href":"https:\/\/blogs2.abo.fi\/grundkursistatsvetenskap2021\/wp-json\/wp\/v2\/comments?post=201"}],"version-history":[{"count":1,"href":"https:\/\/blogs2.abo.fi\/grundkursistatsvetenskap2021\/wp-json\/wp\/v2\/posts\/201\/revisions"}],"predecessor-version":[{"id":202,"href":"https:\/\/blogs2.abo.fi\/grundkursistatsvetenskap2021\/wp-json\/wp\/v2\/posts\/201\/revisions\/202"}],"wp:attachment":[{"href":"https:\/\/blogs2.abo.fi\/grundkursistatsvetenskap2021\/wp-json\/wp\/v2\/media?parent=201"}],"wp:term":[{"taxonomy":"category","embeddable":true,"href":"https:\/\/blogs2.abo.fi\/grundkursistatsvetenskap2021\/wp-json\/wp\/v2\/categories?post=201"},{"taxonomy":"post_tag","embeddable":true,"href":"https:\/\/blogs2.abo.fi\/grundkursistatsvetenskap2021\/wp-json\/wp\/v2\/tags?post=201"}],"curies":[{"name":"wp","href":"https:\/\/api.w.org\/{rel}","templated":true}]}}