{"id":179,"date":"2021-10-07T15:46:49","date_gmt":"2021-10-07T13:46:49","guid":{"rendered":"https:\/\/blogs2.abo.fi\/grundkursistatsvetenskap2021\/?p=179"},"modified":"2021-10-08T13:27:17","modified_gmt":"2021-10-08T11:27:17","slug":"jacob-storbjork-min-hobby-blev-mitt-jobb","status":"publish","type":"post","link":"https:\/\/blogs2.abo.fi\/grundkursistatsvetenskap2021\/2021\/10\/07\/jacob-storbjork-min-hobby-blev-mitt-jobb\/","title":{"rendered":"Jacob Storbj\u00f6rk: \u201dMin hobby blev mitt jobb\u201d"},"content":{"rendered":"<p><em>Jonatan Wikstr\u00f6m<br \/>\n<\/em><\/p>\n<p>Jacob Storbj\u00f6rk \u00e4r hemma fr\u00e5n Jakobstad och har studerat Statskunskap med masskommunikation i Vasa. Jacob blev f\u00e4rdig Politices magister 2019 och sedan dess har han jobbat som politisk assistent i riksdagen. I huvudsak jobbar han som riksdagsassistent f\u00f6r Johan Kvarnstr\u00f6m (SDP).<\/p>\n<figure id=\"attachment_181\" aria-describedby=\"caption-attachment-181\" style=\"width: 155px\" class=\"wp-caption alignleft\"><img loading=\"lazy\" decoding=\"async\" class=\"wp-image-181 size-full\" src=\"http:\/\/blogs2.abo.fi\/grundkursistatsvetenskap2021\/wp-content\/uploads\/sites\/192\/2021\/10\/187593177_305081914529260_6561928706136966193_n.jpg\" alt=\"\" width=\"155\" height=\"206\" \/><figcaption id=\"caption-attachment-181\" class=\"wp-caption-text\">Jacob Storbj\u00f6rk, 2021<\/figcaption><\/figure>\n<p style=\"padding-left: 40px\"><em>\u201dA<\/em><em>rbetsuppgifterna \u00e4r mycket varierande. Jag bist\u00e5r riksdagsledamoten med olika uppgifter. Jag skriver utkast till tal, tar reda p\u00e5 information i n\u00e5gon <\/em><em>fr\u00e5<\/em><em>ga och svarar p\u00e5 fr\u00e5gor som v\u00e4ljare har skickat in \u00e5t riksdagsledamoten. Dessutom ordnar jag olika evenemang och f\u00f6re pandemin gick en stor del av arbetstiden \u00e5t att ta emot g\u00e4ster i riksdagen.\u201d<\/em><\/p>\n<p>&nbsp;<\/p>\n<blockquote><p>\u201dVarje dag \u00e4r unik n\u00e4r man jobbar med politik.\u201d<\/p><\/blockquote>\n<p>Den socialdemokratiska gruppen har en s\u00e5 kallad \u201dkanslimodell\u201d vilket inneb\u00e4r att man \u00e4ven \u00e4r assistent f\u00f6r hela riksdagsgruppen. Jacob \u00e4r d\u00e4rmed \u00e4ven svenskspr\u00e5kig informat\u00f6r f\u00f6r den socialdemokratiska riksdagsgruppen.<\/p>\n<p><em>\u201dDet handlar mycket om att fundera ut hur man f\u00f6r ut kommunikationen p\u00e5 svenska. I praktiken inneb\u00e4r det r\u00e4tt mycket \u00f6vers\u00e4ttningsarbete fr\u00e5n finska till svenska, men ibland ocks\u00e5 andra v\u00e4gen.\u201d<\/em><\/p>\n<p>Jacob har dessutom en tredje roll som landemedarbetare f\u00f6r den socialdemokratiska gruppen i Nordiska r\u00e5det. Som landemedarbetare f\u00f6ljer han \u00e4renden i Nordiska r\u00e5det och Ministerr\u00e5det samt bist\u00e5r parlamentariker med olika utredningsarbeten.<\/p>\n<p><em>\u201dVarje dag \u00e4r unik n\u00e4r man jobbar med politik.\u201d<\/em> p\u00e5pekar Jacob.<em><br \/>\n<\/em><\/p>\n<p><strong>Hur har din karri\u00e4rv\u00e4g sett ut?<\/strong><\/p>\n<p><em>\u201dJag har haft ett l\u00e5ngvarigt intresse f\u00f6r samh\u00e4lle och politik. Man kan s\u00e4ga att hobbyn blev mitt jobb.\u201d<\/em><\/p>\n<p>Jacob har varit partipolitiskt aktiv p\u00e5 olika s\u00e4tt:<\/p>\n<ul>\n<li style=\"list-style-type: none\">\n<ul>\n<li>Ordf\u00f6rande f\u00f6r Finlands Svenska Unga Socialdemokrater<\/li>\n<li>Vice-ordf\u00f6rande f\u00f6r Finlands Svenska Socialdemokrater<\/li>\n<li>Some-redakt\u00f6r f\u00f6r Arbetarbladet<\/li>\n<\/ul>\n<\/li>\n<\/ul>\n<p>Sedan 2012 har Jacob varit invald i Jakobstads kommunfullm\u00e4ktige.<\/p>\n<p><em>\u201dMin examen i statsvetenskap med masskommunikation har gett mig en bra grund f\u00f6r det arbete jag utf\u00f6r. Som politisk assistent jobbar man mycket med kommunikation och sj\u00e4lvklart ocks\u00e5 med politik.\u201d<\/em><\/p>\n<p><strong>Hur ser rikspolitiken ut \u201dbakom kulisserna\u201d?<br \/>\n<\/strong><strong>\u00c4r det likadant som det ser ut i media?<\/strong><\/p>\n<blockquote><p>s\u00e5 fort kamerorna \u00e4r p\u00e5 \u00e4r det som att folk byter roll. D\u00e5 blir blir debatten genast mer tillspetsad.<\/p><\/blockquote>\n<p>Jacob ber\u00e4ttar att sammanh\u00e5llningen \u00f6ver partigr\u00e4nserna \u00e4r mycket god. Ledam\u00f6ter som \u00e4r varandras politiska motpoler kan komma mycket bra \u00f6verens i utskotten och ibland kan man se dom ta en kaffe tillsammans i matsalen.<\/p>\n<p>Men s\u00e5 fort kamerorna \u00e4r p\u00e5 \u00e4r det som att folk byter roll. D\u00e5 blir debatten genast mer tillspetsad. <em>\u201dMan f\u00f6rs\u00f6ker v\u00e4l visa f\u00f6r v\u00e4ljarna var man st\u00e5r.\u201d<\/em> inflikar Jacob.<\/p>\n<p><em>\u201dDet g\u00f6r ju det tydligare f\u00f6r v\u00e4ljarna. D\u00e5 vet man vad man f\u00e5r d\u00e5 man r\u00f6star. Men det kan \u00e4nd\u00e5 vara bra f\u00f6r var och en att inse att i det praktiska politiska arbetet finns det en st\u00f6rre vilja att n\u00e5 samf\u00f6rst\u00e5nd \u00e4n vad det verkar som i media och den offentliga debatten.\u201d<\/em><\/p>\n<p>Jacob p\u00e5pekar ocks\u00e5 att landets beslutsfattande \u00e4r ett stort maskineri. Han ber\u00e4ttar att bakom varje ledamot finns en assistent och bakom varje minister finns \u00e4nnu fler medarbetare.<\/p>\n<p><em>\u201dDet \u00e4r m\u00e5nga m\u00e4nniskor som involveras f\u00f6r att leda ett land och det \u00e4r ett viktigt arbete som alla involverade utf\u00f6r. Utan det skulle inga beslut komma till st\u00e5nd och ingen utveckling skulle ske i landet.\u201d<\/em><\/p>\n<p><strong>Kan du n\u00e4mna n\u00e5got du har l\u00e4rt dig fr\u00e5n din utbildning i statsvetenskap som har varit s\u00e4rskilt betydelsefullt i arbetslivet?<\/strong><\/p>\n<p><em>\u201dAllting \u00e4r nog relevant n\u00e4r man jobbar med politik.\u201d<\/em> Jacob tycker att utbildningen ger en god teoretisk grund att falla tillbaka p\u00e5. <em>\u201dDet l\u00f6nar sig absolut att studera statsvetenskap om man vill arbeta med politik eller journalistik. \u201d.<\/em><\/p>\n<p>Jacob p\u00e5pekar att det \u00e4r en styrka inom \u00c5A att man kan ta kurser inom m\u00e5nga olika \u00e4mnen. Jacob har utnyttjat det breda utbudet av kurser, vilket ocks\u00e5 har gett honom en bred grund att st\u00e5 p\u00e5.<\/p>\n<p>Jacob p\u00e5mminer ocks\u00e5 om att studielivet \u00e4r viktigt. <em>\u201dMan skapar m\u00e5nga kontakter och l\u00e4r sig att n\u00e4tverka. Det \u00e4r viktiga egenskaper att kunna hantera ocks\u00e5 i arbetslivet.\u201d \u201dDet finns s\u00e5klart ingen kurs i det h\u00e4r men till exempel k\u00e5rpolitiken \u00e4r en bra plats f\u00f6r att l\u00e4ra sig s\u00e5dana saker.\u201d.<\/em><\/p>\n<p>Under studietiden har Jacob varit studentrepresentant i b\u00e5de k\u00e5rfullm\u00e4ktige och k\u00e5rstyrelsen.<\/p>\n<p><strong>\u00c4r statsvetenskap viktigt?<\/strong><\/p>\n<p><em>\u201dStatskunskap \u00e4r ett viktigt \u00e4mne att studera och forska om. Politiken p\u00e5verkar hela tiden v\u00e5r vardag och det \u00e4r bra att det finns skarpa m\u00e4nniskor som kan s\u00e4tta ord p\u00e5 olika fenomen inom politiken s\u00e5 att det ocks\u00e5 blir mer begripligt f\u00f6r den vanliga medborgaren.\u201d<\/em><\/p>\n<p><strong>Vilka \u00e4r dina b\u00e4sta minnen fr\u00e5n studietiden?<\/strong><\/p>\n<p><em>\u201dDet har varit en intressant utbildning med m\u00e5nga intressanta f\u00f6rel\u00e4sningar och lektioner om samh\u00e4lle och politik. I studielivet har jag l\u00e4rt k\u00e4nna m\u00e5nga nya m\u00e4nniskor och har bekantat mig med b\u00e5da studiest\u00e4derna. \u00c5bo Akademi \u00e4r ett fint universitet som erbjuder mycket och knyter ihop Svenskfinland.\u201d<\/em><\/p>\n<p><strong>Har du n\u00e5gon h\u00e4lsning att ge \u00e5t alla nya statsvetarstuderande?<\/strong><\/p>\n<p><em>\u201dTa en sak i taget. Ibland kan studierna k\u00e4nnas \u00f6verv\u00e4ldigande men med god planering f\u00e5r man nog ihop det. Ta ocks\u00e5 vara p\u00e5 studielivet. Det ger dig m\u00e5nga bra f\u00e4rdigheter och kontaktn\u00e4tverk som du har nytta av i livet.\u201d<\/em><\/p>\n","protected":false},"excerpt":{"rendered":"<p>Jonatan Wikstr\u00f6m Jacob Storbj\u00f6rk \u00e4r hemma fr\u00e5n Jakobstad och har studerat Statskunskap med masskommunikation i Vasa. Jacob blev f\u00e4rdig Politices magister 2019 och sedan dess har han jobbat som politisk assistent i riksdagen. I huvudsak jobbar han som riksdagsassistent f\u00f6r Johan Kvarnstr\u00f6m (SDP). \u201dArbetsuppgifterna \u00e4r mycket varierande. Jag bist\u00e5r riksdagsledamoten med olika uppgifter. Jag skriver &hellip; <a href=\"https:\/\/blogs2.abo.fi\/grundkursistatsvetenskap2021\/2021\/10\/07\/jacob-storbjork-min-hobby-blev-mitt-jobb\/\" class=\"more-link\">Forts\u00e4tt l\u00e4sa <span class=\"screen-reader-text\">Jacob Storbj\u00f6rk: \u201dMin hobby blev mitt jobb\u201d<\/span><\/a><\/p>\n","protected":false},"author":668,"featured_media":0,"comment_status":"open","ping_status":"open","sticky":false,"template":"","format":"standard","meta":{"footnotes":""},"categories":[1],"tags":[6,7],"class_list":["post-179","post","type-post","status-publish","format-standard","hentry","category-okategoriserade","tag-intervju","tag-riksdagsassistent"],"_links":{"self":[{"href":"https:\/\/blogs2.abo.fi\/grundkursistatsvetenskap2021\/wp-json\/wp\/v2\/posts\/179","targetHints":{"allow":["GET"]}}],"collection":[{"href":"https:\/\/blogs2.abo.fi\/grundkursistatsvetenskap2021\/wp-json\/wp\/v2\/posts"}],"about":[{"href":"https:\/\/blogs2.abo.fi\/grundkursistatsvetenskap2021\/wp-json\/wp\/v2\/types\/post"}],"author":[{"embeddable":true,"href":"https:\/\/blogs2.abo.fi\/grundkursistatsvetenskap2021\/wp-json\/wp\/v2\/users\/668"}],"replies":[{"embeddable":true,"href":"https:\/\/blogs2.abo.fi\/grundkursistatsvetenskap2021\/wp-json\/wp\/v2\/comments?post=179"}],"version-history":[{"count":20,"href":"https:\/\/blogs2.abo.fi\/grundkursistatsvetenskap2021\/wp-json\/wp\/v2\/posts\/179\/revisions"}],"predecessor-version":[{"id":230,"href":"https:\/\/blogs2.abo.fi\/grundkursistatsvetenskap2021\/wp-json\/wp\/v2\/posts\/179\/revisions\/230"}],"wp:attachment":[{"href":"https:\/\/blogs2.abo.fi\/grundkursistatsvetenskap2021\/wp-json\/wp\/v2\/media?parent=179"}],"wp:term":[{"taxonomy":"category","embeddable":true,"href":"https:\/\/blogs2.abo.fi\/grundkursistatsvetenskap2021\/wp-json\/wp\/v2\/categories?post=179"},{"taxonomy":"post_tag","embeddable":true,"href":"https:\/\/blogs2.abo.fi\/grundkursistatsvetenskap2021\/wp-json\/wp\/v2\/tags?post=179"}],"curies":[{"name":"wp","href":"https:\/\/api.w.org\/{rel}","templated":true}]}}