{"id":145,"date":"2021-10-07T10:41:17","date_gmt":"2021-10-07T08:41:17","guid":{"rendered":"https:\/\/blogs2.abo.fi\/grundkursistatsvetenskap2021\/?p=145"},"modified":"2021-10-08T10:56:15","modified_gmt":"2021-10-08T08:56:15","slug":"alumnintervju-med-anna-carin","status":"publish","type":"post","link":"https:\/\/blogs2.abo.fi\/grundkursistatsvetenskap2021\/2021\/10\/07\/alumnintervju-med-anna-carin\/","title":{"rendered":"Alumnintervju med Anna-Carin"},"content":{"rendered":"<p><em><img loading=\"lazy\" decoding=\"async\" class=\"alignnone size-medium wp-image-214\" src=\"http:\/\/blogs2.abo.fi\/grundkursistatsvetenskap2021\/wp-content\/uploads\/sites\/192\/2021\/10\/POLAND-2017-300x200.jpg\" alt=\"\" width=\"300\" height=\"200\" srcset=\"https:\/\/blogs2.abo.fi\/grundkursistatsvetenskap2021\/wp-content\/uploads\/sites\/192\/2021\/10\/POLAND-2017-300x200.jpg 300w, https:\/\/blogs2.abo.fi\/grundkursistatsvetenskap2021\/wp-content\/uploads\/sites\/192\/2021\/10\/POLAND-2017-1024x683.jpg 1024w, https:\/\/blogs2.abo.fi\/grundkursistatsvetenskap2021\/wp-content\/uploads\/sites\/192\/2021\/10\/POLAND-2017-768x512.jpg 768w, https:\/\/blogs2.abo.fi\/grundkursistatsvetenskap2021\/wp-content\/uploads\/sites\/192\/2021\/10\/POLAND-2017-1536x1024.jpg 1536w, https:\/\/blogs2.abo.fi\/grundkursistatsvetenskap2021\/wp-content\/uploads\/sites\/192\/2021\/10\/POLAND-2017.jpg 2048w\" sizes=\"auto, (max-width: 300px) 100vw, 300px\" \/><img loading=\"lazy\" decoding=\"async\" class=\"alignnone size-medium wp-image-212\" src=\"http:\/\/blogs2.abo.fi\/grundkursistatsvetenskap2021\/wp-content\/uploads\/sites\/192\/2021\/10\/Armenia-2020-300x200.jpg\" alt=\"\" width=\"300\" height=\"200\" srcset=\"https:\/\/blogs2.abo.fi\/grundkursistatsvetenskap2021\/wp-content\/uploads\/sites\/192\/2021\/10\/Armenia-2020-300x200.jpg 300w, https:\/\/blogs2.abo.fi\/grundkursistatsvetenskap2021\/wp-content\/uploads\/sites\/192\/2021\/10\/Armenia-2020-1024x682.jpg 1024w, https:\/\/blogs2.abo.fi\/grundkursistatsvetenskap2021\/wp-content\/uploads\/sites\/192\/2021\/10\/Armenia-2020-768x512.jpg 768w, https:\/\/blogs2.abo.fi\/grundkursistatsvetenskap2021\/wp-content\/uploads\/sites\/192\/2021\/10\/Armenia-2020-1536x1024.jpg 1536w, https:\/\/blogs2.abo.fi\/grundkursistatsvetenskap2021\/wp-content\/uploads\/sites\/192\/2021\/10\/Armenia-2020.jpg 2000w\" sizes=\"auto, (max-width: 300px) 100vw, 300px\" \/><\/em><\/p>\n<p><em>Mikaela Kurula &amp; Emilia Mel\u00e9n<\/em><\/p>\n<p><b>Faktaruta:\u00a0<\/b><\/p>\n<ul>\n<li><b>Namn: <\/b><span style=\"font-weight: 400\"><span style=\"font-weight: 400\">Anna-Carin \u00d6<\/span><\/span><span style=\"font-weight: 400\">st<\/span><\/li>\n<li><b>F\u00f6delse\u00e5r: <\/b><span style=\"font-weight: 400\">1965<\/span><\/li>\n<li><b>Hemort: <\/b><span style=\"font-weight: 400\">Jakobstad<\/span><\/li>\n<li><b>Stationeringsort:<\/b><span style=\"font-weight: 400\"> Armenien, Jerevan.<\/span><\/li>\n<li><b>Familj: <\/b><span style=\"font-weight: 400\">Gift<\/span><\/li>\n<li><b>Utbildning: <\/b><span style=\"font-weight: 400\">\u00c5A folkr\u00e4tt, statskunskap\u00a0<\/span><\/li>\n<li><b>Arbete: <\/b><span style=\"font-weight: 400\">Enhetschef f\u00f6r UNHCR:s kontor i Armenien<\/span><\/li>\n<\/ul>\n<ul>\n<li style=\"list-style-type: none\"><\/li>\n<\/ul>\n<p><span style=\"font-weight: 400\">Anna-Carin \u00d6st \u00e4r \u00c5A alumn och har studerat folkr\u00e4tt och statskunskap i \u00c5bo. F\u00f6r tillf\u00e4llet arbetar hon som UNHCR representative och \u00e4r enhetschef f\u00f6r UNHCR:s kontor i Armenien, Jerevan.\u00a0\u00a0<\/span><\/p>\n<p>&nbsp;<\/p>\n<p><b>Studier\u00a0<\/b><\/p>\n<p><span style=\"font-weight: 400\">Anna-Carin ber\u00e4ttar att hon under hennes studietid inte riktigt visste vad hon ville arbeta med. Hon var intresserad av att f\u00f6rst\u00e5 hur ett samh\u00e4lle \u00e4r uppbyggt, hur olika samh\u00e4llssystem fungerar, speciellt olika demokratiska system, valsystem och v\u00e4lf\u00e4rdsstaten i sin helhet, men ocks\u00e5 \u00e4mnen som m\u00e4nskliga r\u00e4ttigheter och statsl\u00f6shet intresserade henne. \u201cS\u00e5 de som jag var intresserad av var v\u00e4ldigt mycket byggstenarna i demokratin och hur de fungerar\u201d konstaterar Anna-Carin.\u00a0<\/span><\/p>\n<p><span style=\"font-weight: 400\">Om studier s\u00e4ger ocks\u00e5 Anna-Carin bland annat att: \u201cDet \u00e4r inte n\u00f6dv\u00e4ndigtvis s\u00e5 att n\u00e4r man g\u00e5r in som studerande att man vet precis vad man ska bli, vad man \u00e4r intresserad av utan man f\u00e5r pr\u00f6va sig fram lite en sak \u00e5t g\u00e5ngen. (\u2026) Studierna ger en j\u00e4ttebra grund till att analysera olika saker\u201d.<\/span><\/p>\n<p><b>Karri\u00e4r och arbete p\u00e5 resande fot<\/b><\/p>\n<p><span style=\"font-weight: 400\">Anna-Carin b\u00f6rjade vid UNHCR 1996 f\u00f6rst som finsk sponsorerad Junior Professional Officer i tre \u00e5r, d\u00e5 tillbringade hon ett \u00e5r i Tanzania och sedan tv\u00e5 \u00e5r i Turkiet. D\u00e4refter blev hon v\u00e4rvad p\u00e5 fulltid av UNHCR och har nu arbetat f\u00f6r dem i cirka 25 \u00e5r och varit stationerad i nio olika l\u00e4nder: Tanzania, Turkiet, F\u00f6rbundsrepubliken Jugoslavien, Pakistan, Schweiz (UNHCR:s h\u00f6gkvarter), Thailand, Syrien (2011<\/span><b>\u2013<\/b><span style=\"font-weight: 400\">2013),\u00a0 Polen och Armenien d\u00e4r hon varit chef f\u00f6r kontoret.<\/span><\/p>\n<p><span style=\"font-weight: 400\">N\u00e4r hon ber\u00e4ttar om rollen som resandet har i hennes yrke fr\u00e5gar vi henne huruvida hon ser resandet som n\u00e5got positivt eller negativt, varp\u00e5 hon svarar att det \u00e4r b\u00e5de och. \u201cGivetvis \u00e4r det jobbigt n\u00e4r man bygger upp ett liv p\u00e5 ett st\u00e4lle och sen s\u00e5 \u00e4r det begr\u00e4nsat: man m\u00e5ste l\u00e4mna alla v\u00e4nner, bekanta och det man byggt upp och sedan \u00e5ka iv\u00e4g till n\u00e4sta stationeringsort.\u201d Samtidigt f\u00f6rklarar Anna-Carin att man nog \u00e4r v\u00e4ldigt medveten om rollen resandet har inom en karri\u00e4r i UNHCR:\u00a0 \u201cN\u00e4r man tar anst\u00e4llning och vill ha en karri\u00e4r inom en organisation som FN eller dess flyktingorganisation UNHCR \u00e4r det f\u00f6rutbest\u00e4mt att resande ing\u00e5r i jobbet och det \u00e4r man ocks\u00e5 v\u00e4ldigt medveten om. Vi har s\u00e5 kallade \u2018standard assignment lengths\u2019 som ing\u00e5r i kontraktet som s\u00e4ger hur l\u00e4nge vi skall arbeta i ett land, till exempel 4 \u00e5r. Under den perioden bygger man upp ett liv i det landet man jobbar samtidigt som man vet att man skall flytta vidare till n\u00e4sta stationeringsort\u201d.\u00a0<\/span><\/p>\n<p><span style=\"font-weight: 400\">F\u00f6rutom de relationer hon mister n\u00e4r hon flyttar fr\u00e5n ett st\u00e4lle till ett annat blir ocks\u00e5 situationen mer komplicerad n\u00e4r hon och hennes man, som ocks\u00e5 arbetar inom UNHCR, inte kan arbeta p\u00e5 samma st\u00e4lle om hon har en chefsposition. Han f\u00e5r n\u00e4mligen inte arbeta under henne. Trots uppoffringarna Anna-Carin gjort f\u00f6r sitt jobb s\u00e5 \u00e4r hon ocks\u00e5 s\u00e4ker p\u00e5 att \u201cdet \u00e4r inte f\u00f6r mig att bo kvar i Jakobstad eller Finland. Jag ville prova n\u00e5got annat.\u201d<\/span><\/p>\n<p><b>(Kris)situationen i Armenien<\/b><\/p>\n<p><span style=\"font-weight: 400\">F\u00f6r att f\u00f6rst\u00e5 Anna-Carins arbetsuppgifter och vad hennes roll inneb\u00e4r i Armenien \u00e4r det relevant att f\u00f6rst kort beskriva situationen i landet. Allt sedan Anna-Carin anl\u00e4nde till Armenien sensommaren 2018 som UNHCRs representant, har hon upplevt sin tid i landet som \u201cturbulent\u201d. H\u00e4ndelser som bidragit till detta var revolutionen 2018, den p\u00e5g\u00e5ende konflikten med Azerbajdzjan och framf\u00f6r allt Nagorno-Karabach kriget som br\u00f6t ut igen den 27 september 2020. Stridigheterna varade enbart i 44 dagar och avbr\u00f6ts genom en vapenvila, men trots det s\u00e5 sattes stora flyktingstr\u00f6mmar ig\u00e5ng och under n\u00e5gra veckors tid fick Armenien motta upp till 90 000 flyktingar. Kriget har allts\u00e5 inte f\u00e5tt ett slut utan satts p\u00e5 paus och det finns m\u00e5nga obesvarade komplexa fr\u00e5gor g\u00e4llande Nagorno-Karabachs status som \u00e4r obesvarade; \u201cvem h\u00f6r omr\u00e5det till, skall det bli en egen stat som det s\u00e4gs inv\u00e5narna i Nagorno-Karabach vill ha, n\u00e5got som Armenien st\u00f6der men inte Azerbajdzjan\u201d<\/span><span style=\"font-weight: 400\">.<\/span><span style=\"font-weight: 400\"> Anna-Carin anser att det fr\u00e5n och med maj ha skett n\u00e5got utav en sm\u00e5skalig upptrappning av konflikten och ber\u00e4ttar att det f\u00f6r tillf\u00e4llet \u201cn\u00e4stan dagligen sker skottv\u00e4xling, provokationer eller olika anspr\u00e5k p\u00e5 omtvistade gr\u00e4nsomr\u00e5den\u201d och att l\u00e4get \u00e4r allt annat \u00e4n positivt.<\/span><\/p>\n<p><b>S\u00e4kerhets\u00e5tg\u00e4rder i jobbet<\/b><\/p>\n<p><span style=\"font-weight: 400\">D\u00e5 vi intervjuade Anna-Carin fr\u00e5gade vi ocks\u00e5 om olika sorters s\u00e4kerhets\u00e5tg\u00e4rder. Det vill s\u00e4ga \u00e4r s\u00e4kerhets\u00e5tg\u00e4rder n\u00e5got som beh\u00f6vs ta i arbetet? \u201cDet beror p\u00e5 var man jobbar, det finns omr\u00e5den i v\u00e4rlden som \u00e4r mera s\u00e4kra \u00e4n andra. (&#8230;) S\u00e4kerhet \u00e4r ju ocks\u00e5 relativt\u201d ber\u00e4ttar Anna-Carin.\u00a0\u00a0<\/span><\/p>\n<p><span style=\"font-weight: 400\">Anna-Carin har jobbat i krigszoner och i omr\u00e5den d\u00e4r omgivningen \u00e4r os\u00e4ker och ber\u00e4ttar att UNHCR och FN hj\u00e4lper och har hand om fr\u00e5gor om s\u00e4kerhet. S\u00e4kerhets\u00e5tg\u00e4rder som tas \u00e4r bland annat att boendeomr\u00e5den \u00e4r anpassade och ens r\u00f6rlighet kan vara begr\u00e4nsad s\u00e5 att s\u00e4kerheten uppeh\u00e5lls, s\u00e4kerhets\u00e5tg\u00e4rderna \u00e4r alltid anpassade till den allm\u00e4nna s\u00e4kerhetssituationen i omr\u00e5det.\u00a0<\/span><\/p>\n<p><span style=\"font-weight: 400\">Anna-Carin p\u00e5pekar att f\u00f6rst\u00e5s finns det situationer d\u00e5 man blir r\u00e4dd och det k\u00e4nns skr\u00e4mmande. Hon p\u00e5pekar ocks\u00e5 att fast\u00e4n detta f\u00f6rekommer s\u00e5 ska man inte gl\u00f6mma att livet g\u00e5r vidare: \u201cDet \u00e4r fr\u00e5gan om att erk\u00e4nna att livet g\u00e5r vidare. Folk forts\u00e4tter att gifta sig, de forts\u00e4tter att f\u00e5 barn, de forts\u00e4tter att bli sjuka och de forts\u00e4tter att fira f\u00f6delsedagar \u00e4ven i en krigszon.&#8221;<\/span><\/p>\n<p><b>Arbetsuppgifter<\/b><\/p>\n<p><span style=\"font-weight: 400\">Anna-Carin och hennes team p\u00e5 40 personer best\u00e5r av lokalanst\u00e4llda och internationella experter inom olika omr\u00e5den. De har till uppgift att st\u00f6dja och hj\u00e4lpa staten ta hand om n\u00e4rmare 90 000 flyktingar som kommit inte bara fr\u00e5n krigsdrabbade Nagorno-Karabach (m\u00e5nga av de flyktingarna har nu \u00e5terv\u00e4nt) men ocks\u00e5 fr\u00e5n Syrien, Irak, Iran, Jemen osv.\u00a0<\/span><\/p>\n<p><span style=\"font-weight: 400\">Vid fr\u00e5gan om hur en arbetsdag kan se ut svarar Anna-Carin<\/span><span style=\"font-weight: 400\"> \u201c<\/span><span style=\"font-weight: 400\">Oj, en vanlig arbetsdag kan se ut hur som helst!\u201d och f\u00f6rklarar att det beror v\u00e4ldigt mycket p\u00e5 hur situationen i landet ser ut. N\u00e4r den stora flyktingv\u00e5gen anl\u00e4nde under kriget ber\u00e4ttar hon att det d\u00e5 handlade mera om att organisera humanit\u00e4rt bist\u00e5nd och se till att de grundl\u00e4ggande behoven f\u00f6r flyktingarna uppfylldes ex. mat, pengar, kl\u00e4der och inkvartering m.m. D\u00e4rtill \u00e4gnar de sig \u00e5t att st\u00f6dja regeringen att ta hand om och utveckla program f\u00f6r flyktingar och hj\u00e4lpa dem n\u00e5 en viss standard som f\u00f6ljer de skyldigheter de har under flyktingkonventionen och statsl\u00f6shet konventionen. Det g\u00f6r de genom att delta och ge expertutl\u00e5tande om lagstiftning direkt till myndigheterna, samarbeta med olika typer av lokala organisationer som ger st\u00f6d \u00e5t flyktingar, samt arbeta med andra FN organisationer som finns i landet, som t.ex. UNICEF och WHO, och se till att deras program som de utvecklar Armenien ocks\u00e5 \u00e4r inkludernade av flyktingar och statsanst\u00e4llda.\u00a0<\/span><\/p>\n<p><span style=\"font-weight: 400\">Anna-Carin ber\u00e4ttar att corona pandemin har p\u00e5verkat negativt p\u00e5 UNHCRs arbete, speciellt i koppling till de mass tr\u00e4ffar och evenamang som de vanligtvis ordnar f\u00f6r flyktingar. Dessa har de nu f\u00e5tt slopa och ist\u00e4llet har man fokuserat p\u00e5 att tr\u00e4ffa flyktingar i mindre grupper utomhus. Trots sina m\u00e5nga arbetssysslor f\u00f6rs\u00f6ker Anna-Carin ta sig tid att tr\u00e4ffa flyktingar en g\u00e5ng i veckan, vilket \u00e4r det b\u00e4sta med hennes arbete.\u00a0\u00a0<\/span><\/p>\n<p><b>Bel\u00f6nande arbete<\/b><\/p>\n<p><span style=\"font-weight: 400\">Anna-Carin avslutar ocks\u00e5 med att konstatera att det kan vara ett farligt och utmanande arbete men det \u00e4r mycket bel\u00f6nande. Ibland \u00e4r det bel\u00f6nande mer genast och ibland kan det ta tid. Livr\u00e4ddande uppgifter som att ge skydd, vatten, mat och h\u00e4lsov\u00e5rd \u00e5t flyktingar bel\u00f6nar genast medan andra uppgifter som att tr\u00e4na myndighetspersoner g\u00e4llande flyktingfr\u00e5gor, ge r\u00e5d om lagstiftning, ge r\u00e5d om hur man planerar en statsbudget f\u00f6r att st\u00f6dja flyktingar och hj\u00e4lpa dem integrera sig \u00e4r uppgifter som bel\u00f6nar mera l\u00e5ngsiktigt.<\/span><\/p>\n","protected":false},"excerpt":{"rendered":"<p>Mikaela Kurula &amp; Emilia Mel\u00e9n Faktaruta:\u00a0 Namn: Anna-Carin \u00d6st F\u00f6delse\u00e5r: 1965 Hemort: Jakobstad Stationeringsort: Armenien, Jerevan. Familj: Gift Utbildning: \u00c5A folkr\u00e4tt, statskunskap\u00a0 Arbete: Enhetschef f\u00f6r UNHCR:s kontor i Armenien Anna-Carin \u00d6st \u00e4r \u00c5A alumn och har studerat folkr\u00e4tt och statskunskap i \u00c5bo. F\u00f6r tillf\u00e4llet arbetar hon som UNHCR representative och \u00e4r enhetschef f\u00f6r UNHCR:s kontor &hellip; <a href=\"https:\/\/blogs2.abo.fi\/grundkursistatsvetenskap2021\/2021\/10\/07\/alumnintervju-med-anna-carin\/\" class=\"more-link\">Forts\u00e4tt l\u00e4sa <span class=\"screen-reader-text\">Alumnintervju med Anna-Carin<\/span><\/a><\/p>\n","protected":false},"author":673,"featured_media":213,"comment_status":"open","ping_status":"open","sticky":false,"template":"","format":"standard","meta":{"footnotes":""},"categories":[1],"tags":[],"class_list":["post-145","post","type-post","status-publish","format-standard","has-post-thumbnail","hentry","category-okategoriserade"],"_links":{"self":[{"href":"https:\/\/blogs2.abo.fi\/grundkursistatsvetenskap2021\/wp-json\/wp\/v2\/posts\/145","targetHints":{"allow":["GET"]}}],"collection":[{"href":"https:\/\/blogs2.abo.fi\/grundkursistatsvetenskap2021\/wp-json\/wp\/v2\/posts"}],"about":[{"href":"https:\/\/blogs2.abo.fi\/grundkursistatsvetenskap2021\/wp-json\/wp\/v2\/types\/post"}],"author":[{"embeddable":true,"href":"https:\/\/blogs2.abo.fi\/grundkursistatsvetenskap2021\/wp-json\/wp\/v2\/users\/673"}],"replies":[{"embeddable":true,"href":"https:\/\/blogs2.abo.fi\/grundkursistatsvetenskap2021\/wp-json\/wp\/v2\/comments?post=145"}],"version-history":[{"count":11,"href":"https:\/\/blogs2.abo.fi\/grundkursistatsvetenskap2021\/wp-json\/wp\/v2\/posts\/145\/revisions"}],"predecessor-version":[{"id":217,"href":"https:\/\/blogs2.abo.fi\/grundkursistatsvetenskap2021\/wp-json\/wp\/v2\/posts\/145\/revisions\/217"}],"wp:featuredmedia":[{"embeddable":true,"href":"https:\/\/blogs2.abo.fi\/grundkursistatsvetenskap2021\/wp-json\/wp\/v2\/media\/213"}],"wp:attachment":[{"href":"https:\/\/blogs2.abo.fi\/grundkursistatsvetenskap2021\/wp-json\/wp\/v2\/media?parent=145"}],"wp:term":[{"taxonomy":"category","embeddable":true,"href":"https:\/\/blogs2.abo.fi\/grundkursistatsvetenskap2021\/wp-json\/wp\/v2\/categories?post=145"},{"taxonomy":"post_tag","embeddable":true,"href":"https:\/\/blogs2.abo.fi\/grundkursistatsvetenskap2021\/wp-json\/wp\/v2\/tags?post=145"}],"curies":[{"name":"wp","href":"https:\/\/api.w.org\/{rel}","templated":true}]}}