{"id":131,"date":"2021-10-07T08:25:46","date_gmt":"2021-10-07T06:25:46","guid":{"rendered":"https:\/\/blogs2.abo.fi\/grundkursistatsvetenskap2021\/?p=131"},"modified":"2021-10-07T08:25:46","modified_gmt":"2021-10-07T06:25:46","slug":"intervju-med-rebecca-suoranta","status":"publish","type":"post","link":"https:\/\/blogs2.abo.fi\/grundkursistatsvetenskap2021\/2021\/10\/07\/intervju-med-rebecca-suoranta\/","title":{"rendered":"Intervju med Rebecca Suoranta"},"content":{"rendered":"<p><em>\u00a0Alwa Westerlund &amp; Jeremia Backman<\/em><\/p>\n<p><span data-contrast=\"auto\">F\u00f6r n\u00e5gra veckor sedan fick vi uppgiften att intervjua en alumn fr\u00e5n \u00c5bo akademi som\u00a0l\u00e4st statsvetenskap. Via n\u00e5gra bekanta fick vi kontakt med Rebecca Suoranta och hade m\u00f6jligheten att intervjua\u00a0henne via zoom. Detta var en otroligt rolig och intressant uppgift, speciellt nu n\u00e4r man sj\u00e4lv precis\u00a0har\u00a0b\u00f6rjat l\u00e4sa\u00a0statsvetenskap och funderar p\u00e5 studierna men ocks\u00e5 p\u00e5 den kommande karri\u00e4ren.<\/span><span data-ccp-props=\"{&quot;201341983&quot;:0,&quot;335551550&quot;:6,&quot;335551620&quot;:6,&quot;335559739&quot;:160,&quot;335559740&quot;:276}\">\u00a0<\/span><\/p>\n<p><b><span data-contrast=\"auto\">Om Rebecca<\/span><\/b><span data-ccp-props=\"{&quot;201341983&quot;:0,&quot;335551550&quot;:6,&quot;335551620&quot;:6,&quot;335559739&quot;:160,&quot;335559740&quot;:276}\">\u00a0<\/span><\/p>\n<p><span data-contrast=\"auto\">Rebecca l\u00e4ste statsvetenskap vid \u00c5bo akademi i Vasa under \u00e5ren\u00a02014\u20132020.\u00a0Som bi\u00e4mnen l\u00e4ste hon bl.a. masskommunikation\u00a0och\u00a0politisk kommunikation. Under studietiden hann hon\u00a0ocks\u00e5\u00a0vara b\u00e5de p\u00e5 utbyte och praktik. I dagens l\u00e4ge arbetar hon f\u00f6r\u00a0kocken\u00a0Michael Bj\u00f6rklund.\u00a0<\/span><span data-ccp-props=\"{&quot;201341983&quot;:0,&quot;335551550&quot;:6,&quot;335551620&quot;:6,&quot;335559739&quot;:160,&quot;335559740&quot;:276}\">\u00a0<\/span><\/p>\n<p><span data-ccp-props=\"{&quot;201341983&quot;:0,&quot;335551550&quot;:6,&quot;335551620&quot;:6,&quot;335559739&quot;:160,&quot;335559740&quot;:276}\">\u00a0<\/span><b><span data-contrast=\"auto\">Studierna<\/span><\/b><span data-ccp-props=\"{&quot;201341983&quot;:0,&quot;335551550&quot;:1,&quot;335551620&quot;:1,&quot;335559739&quot;:160,&quot;335559740&quot;:276}\">\u00a0<\/span><\/p>\n<p><span data-contrast=\"auto\">Rebecca b\u00f6rjade allts\u00e5 2014 p\u00e5 statsvetenskaps-linjen i Vasa. Det var en v\u00e4ldigt liten grupp som b\u00f6rjade, endast 9 personer och av dessa\u00a0hoppade en del av senare ocks\u00e5.\u00a0Rebecca ber\u00e4ttar att hon trivdes bra och att hon speciellt tyckte om flexibiliteten i\u00a0utbildningen.\u00a0<\/span><span data-ccp-props=\"{&quot;201341983&quot;:0,&quot;335551550&quot;:6,&quot;335551620&quot;:6,&quot;335559739&quot;:160,&quot;335559740&quot;:276}\">\u00a0<\/span><\/p>\n<blockquote><p><span data-contrast=\"auto\">\u201cMan kan plocka och skr\u00e4ddarsy hur man vill g\u00f6ra och vad man vill l\u00e4sa\u201d<\/span><span data-ccp-props=\"{&quot;201341983&quot;:0,&quot;335551550&quot;:6,&quot;335551620&quot;:6,&quot;335559739&quot;:160,&quot;335559740&quot;:276}\">\u00a0<\/span><\/p><\/blockquote>\n<p><span data-contrast=\"auto\">Flexibiliteten gav m\u00f6jligheten att sj\u00e4lv v\u00e4lja att l\u00e4sa de \u00e4mnen som man \u00e4r intresserad av men ocks\u00e5 att l\u00e4mna bort det som inte intresserar, ber\u00e4ttade\u00a0Rebecca.<\/span><span data-ccp-props=\"{&quot;201341983&quot;:0,&quot;335551550&quot;:6,&quot;335551620&quot;:6,&quot;335559739&quot;:160,&quot;335559740&quot;:276}\">\u00a0<\/span><\/p>\n<p><span data-ccp-props=\"{&quot;201341983&quot;:0,&quot;335551550&quot;:6,&quot;335551620&quot;:6,&quot;335559739&quot;:160,&quot;335559740&quot;:276}\">\u00a0<\/span><b><span data-contrast=\"auto\">Har du haft\u00a0anv\u00e4ndning\u00a0av studierna i arbetslivet?<\/span><\/b><span data-ccp-props=\"{&quot;201341983&quot;:0,&quot;335551550&quot;:1,&quot;335551620&quot;:1,&quot;335559739&quot;:160,&quot;335559740&quot;:276}\">\u00a0<\/span><\/p>\n<p><span data-contrast=\"auto\">-Joo,\u00a0j\u00e4ttemycket men kanske mest d\u00e5\u00a0masskommunikationen\u00a0och\u00a0journalistiken\u00a0eftersom det \u00e4r det jag jobbar med.\u00a0<\/span><span data-ccp-props=\"{&quot;201341983&quot;:0,&quot;335551550&quot;:6,&quot;335551620&quot;:6,&quot;335559739&quot;:160,&quot;335559740&quot;:276}\">\u00a0<\/span><\/p>\n<p><span data-contrast=\"auto\">Hon s\u00e4ger ocks\u00e5 att hon har haft stor nytta av hur man s\u00f6ker information och hur bra det \u00e4r att vara k\u00e4llkritisk. Hon p\u00e5pekade \u00e4ven att hennes utbyte och praktik har bidragit med mest erfarenheter. <\/span><span data-ccp-props=\"{&quot;201341983&quot;:0,&quot;335551550&quot;:6,&quot;335551620&quot;:6,&quot;335559739&quot;:160,&quot;335559740&quot;:276}\">\u00a0<\/span><\/p>\n<p><span data-ccp-props=\"{&quot;201341983&quot;:0,&quot;335551550&quot;:6,&quot;335551620&quot;:6,&quot;335559739&quot;:160,&quot;335559740&quot;:276}\">\u00a0<\/span><b><span data-contrast=\"auto\">Praktik &amp; utbyte<\/span><\/b><span data-ccp-props=\"{&quot;201341983&quot;:0,&quot;335551550&quot;:6,&quot;335551620&quot;:6,&quot;335559739&quot;:160,&quot;335559740&quot;:276}\">\u00a0<\/span><\/p>\n<p><span data-contrast=\"auto\">Rebecca var allts\u00e5 2017 p\u00e5 utbyte till\u00a0Schweiz\u00a0vid universitetet\u00a0Zurich. Under sin tid d\u00e4r l\u00e4ste hon politisk kommunikation\u00a0och statskunskap f\u00f6rst\u00e5s.\u00a0Det blev ocks\u00e5 utbytet som\u00a0blev en grund\u00a0f\u00f6r\u00a0hennes\u00a0magistersavhandling som handlade om\u00a0folkomr\u00f6stningar i Schweiz.\u00a0Hon p\u00e5pekar ocks\u00e5 att utbyte \u00e4r n\u00e5gonting som arbetsgivare ser v\u00e4ldigt positivt p\u00e5.\u00a0<\/span><span data-ccp-props=\"{&quot;201341983&quot;:0,&quot;335551550&quot;:6,&quot;335551620&quot;:6,&quot;335559739&quot;:160,&quot;335559740&quot;:276}\">\u00a0<\/span><\/p>\n<blockquote><p><i><span data-contrast=\"auto\">\u201cDe kollar inte p\u00e5 vad\u00a0du\u00a0har tagit f\u00f6r kurser eller vad\u00a0du\u00a0har f\u00e5tt f\u00f6r vitsord utan de ser p\u00e5 vad du har f\u00f6r\u00a0erfarenheter,\u00a0s\u00e5 som praktik. Utomlandsvistelse v\u00e4ger\u00a0j\u00e4tteh\u00f6gt.\u201d<\/span><\/i><span data-ccp-props=\"{&quot;201341983&quot;:0,&quot;335551550&quot;:6,&quot;335551620&quot;:6,&quot;335559739&quot;:160,&quot;335559740&quot;:276}\">\u00a0<\/span><\/p><\/blockquote>\n<p><span data-contrast=\"auto\">Efter sitt utbyte \u00e5kte Rebecca direkt till Berlin i Tyskland\u00a0till en praktikplats som hon s\u00f6kt\u00a0via\u00a0svenska kulturfonden.\u00a0Praktik \u00e4r inte en n\u00f6dv\u00e4ndig del\u00a0av statsvetenskaps-utbildningen d\u00e4rf\u00f6r s\u00f6kte hon platsen p\u00e5 egen hand.\u00a0Hon fick en plats vid Finlandsinstitutet vid Berlin som kommunikationspraktikant.\u00a0D\u00e4r jobbade hon med att f\u00f6respr\u00e5ka och marknadsf\u00f6ra\u00a0den\u00a0finlandssvenska\u00a0kulturen, spr\u00e5ket och konsten.<\/span><span data-ccp-props=\"{&quot;201341983&quot;:0,&quot;335551550&quot;:6,&quot;335551620&quot;:6,&quot;335559739&quot;:160,&quot;335559740&quot;:276}\">\u00a0<\/span><\/p>\n<p><span data-ccp-props=\"{&quot;201341983&quot;:0,&quot;335551550&quot;:6,&quot;335551620&quot;:6,&quot;335559739&quot;:160,&quot;335559740&quot;:276}\">\u00a0<\/span><b><span data-contrast=\"auto\">Karri\u00e4r<\/span><\/b><span data-ccp-props=\"{&quot;201341983&quot;:0,&quot;335551550&quot;:6,&quot;335551620&quot;:6,&quot;335559739&quot;:160,&quot;335559740&quot;:276}\">\u00a0<\/span><\/p>\n<p><span data-contrast=\"auto\">Efter praktiken skrev Rebecca klart sin magisterexamen. D\u00e4refter b\u00f6rjade hon l\u00e4sa det l\u00e5nga bi\u00e4mnet masskommunikation som p\u00e5gick under ett \u00e5r. Denna inkluderade ocks\u00e5 en praktikperiod som Rebecca spenderade\u00a0f\u00f6rst p\u00e5\u00a0Vasabladet\u00a0och sedan hos\u00a0kocken Michael Bj\u00f6rklund, d\u00e4r hon\u00a0hade blivit anst\u00e4lld.<\/span><span data-ccp-props=\"{&quot;201341983&quot;:0,&quot;335551550&quot;:6,&quot;335551620&quot;:6,&quot;335559739&quot;:160,&quot;335559740&quot;:276}\">\u00a0<\/span><\/p>\n<p><span data-contrast=\"auto\">Rebecca \u00e4r allts\u00e5 idag kommunikationsansvarig f\u00f6r Mickes mat AB och ansvarar \u00f6ver Michaels Bj\u00f6rklunds restauranger samt f\u00f6r hans brand. Rebecca ber\u00e4ttade att arbetet \u00e4r otroligt varierande, <\/span><i><span data-contrast=\"auto\">\u201cIngen dag \u00e4r den andra lik!\u201d<\/span><\/i><span data-contrast=\"auto\">. Rebecca arbetar\u00a0allts\u00e5\u00a0med\u00a0olika team och fungerar som koordinator f\u00f6r marknadsf\u00f6ringen.\u00a0F\u00f6r henne var de allts\u00e5 inga problem med att hitta arbete efter studierna,\u00a0P\u00e5 fr\u00e5gan \u201cvad \u00e4r det b\u00e4sta med att arbeta\u00a0som statsvetare?\u201d svarade Rebecca att det, precis som utbildningen,\u00a0\u00e4r otroligt brett.\u00a0<\/span><i><span data-contrast=\"auto\">\u201cDu kan g\u00f6ra vad som helst\u201d.<\/span><\/i><span data-contrast=\"auto\">\u00a0<\/span><span data-ccp-props=\"{&quot;201341983&quot;:0,&quot;335551550&quot;:6,&quot;335551620&quot;:6,&quot;335559739&quot;:160,&quot;335559740&quot;:276}\">\u00a0<\/span><\/p>\n<p><span data-ccp-props=\"{&quot;201341983&quot;:0,&quot;335551550&quot;:6,&quot;335551620&quot;:6,&quot;335559739&quot;:160,&quot;335559740&quot;:276}\">\u00a0<\/span><b><span data-contrast=\"auto\">Tips till\u00a0nya statsvetarstuderande\u00a0<\/span><\/b><span data-ccp-props=\"{&quot;201341983&quot;:0,&quot;335551550&quot;:6,&quot;335551620&quot;:6,&quot;335559739&quot;:160,&quot;335559740&quot;:276}\">\u00a0<\/span><\/p>\n<p><span data-contrast=\"auto\">N\u00e5gra tips som Rebecca hade var att l\u00e4sa s\u00e5 m\u00e5nga olika \u00e4mnen som m\u00f6jligt och\u00a0att\u00a0\u00e5ka\u00a0p\u00e5 utbyte\u00a0och praktik\u00a0om\u00a0man\u00a0bara har m\u00f6jligt.\u00a0F\u00f6r utbytet\u00a0och praktiken\u00a0ger inte bara en bredare v\u00e4rldsbild\u00a0utan\u00a0man blir\u00a0ocks\u00e5\u00a0attraktivare p\u00e5 arbetsmarknaden.\u00a0<\/span><span data-ccp-props=\"{&quot;201341983&quot;:0,&quot;335551550&quot;:6,&quot;335551620&quot;:6,&quot;335559739&quot;:160,&quot;335559740&quot;:276}\">\u00a0<\/span><\/p>\n<p><span data-contrast=\"auto\">P\u00e5 fr\u00e5gan \u201cvarf\u00f6r \u00e4r statskunskap viktigt?\u201d svarade Rebecca att man f\u00e5r en mycket bred allm\u00e4nbildning som man sedan kan briljera med n\u00e4stan var som helst, inte bara i arbetslivet men ocks\u00e5 i privata livet\u00a0<\/span><span data-ccp-props=\"{&quot;201341983&quot;:0,&quot;335551550&quot;:6,&quot;335551620&quot;:6,&quot;335559739&quot;:160,&quot;335559740&quot;:276}\">\u00a0<\/span><\/p>\n","protected":false},"excerpt":{"rendered":"<p>\u00a0Alwa Westerlund &amp; Jeremia Backman F\u00f6r n\u00e5gra veckor sedan fick vi uppgiften att intervjua en alumn fr\u00e5n \u00c5bo akademi som\u00a0l\u00e4st statsvetenskap. Via n\u00e5gra bekanta fick vi kontakt med Rebecca Suoranta och hade m\u00f6jligheten att intervjua\u00a0henne via zoom. Detta var en otroligt rolig och intressant uppgift, speciellt nu n\u00e4r man sj\u00e4lv precis\u00a0har\u00a0b\u00f6rjat l\u00e4sa\u00a0statsvetenskap och funderar p\u00e5 &hellip; <a href=\"https:\/\/blogs2.abo.fi\/grundkursistatsvetenskap2021\/2021\/10\/07\/intervju-med-rebecca-suoranta\/\" class=\"more-link\">Forts\u00e4tt l\u00e4sa <span class=\"screen-reader-text\">Intervju med Rebecca Suoranta<\/span><\/a><\/p>\n","protected":false},"author":658,"featured_media":0,"comment_status":"open","ping_status":"open","sticky":false,"template":"","format":"standard","meta":{"footnotes":""},"categories":[1],"tags":[],"class_list":["post-131","post","type-post","status-publish","format-standard","hentry","category-okategoriserade"],"_links":{"self":[{"href":"https:\/\/blogs2.abo.fi\/grundkursistatsvetenskap2021\/wp-json\/wp\/v2\/posts\/131","targetHints":{"allow":["GET"]}}],"collection":[{"href":"https:\/\/blogs2.abo.fi\/grundkursistatsvetenskap2021\/wp-json\/wp\/v2\/posts"}],"about":[{"href":"https:\/\/blogs2.abo.fi\/grundkursistatsvetenskap2021\/wp-json\/wp\/v2\/types\/post"}],"author":[{"embeddable":true,"href":"https:\/\/blogs2.abo.fi\/grundkursistatsvetenskap2021\/wp-json\/wp\/v2\/users\/658"}],"replies":[{"embeddable":true,"href":"https:\/\/blogs2.abo.fi\/grundkursistatsvetenskap2021\/wp-json\/wp\/v2\/comments?post=131"}],"version-history":[{"count":1,"href":"https:\/\/blogs2.abo.fi\/grundkursistatsvetenskap2021\/wp-json\/wp\/v2\/posts\/131\/revisions"}],"predecessor-version":[{"id":134,"href":"https:\/\/blogs2.abo.fi\/grundkursistatsvetenskap2021\/wp-json\/wp\/v2\/posts\/131\/revisions\/134"}],"wp:attachment":[{"href":"https:\/\/blogs2.abo.fi\/grundkursistatsvetenskap2021\/wp-json\/wp\/v2\/media?parent=131"}],"wp:term":[{"taxonomy":"category","embeddable":true,"href":"https:\/\/blogs2.abo.fi\/grundkursistatsvetenskap2021\/wp-json\/wp\/v2\/categories?post=131"},{"taxonomy":"post_tag","embeddable":true,"href":"https:\/\/blogs2.abo.fi\/grundkursistatsvetenskap2021\/wp-json\/wp\/v2\/tags?post=131"}],"curies":[{"name":"wp","href":"https:\/\/api.w.org\/{rel}","templated":true}]}}