{"id":127,"date":"2021-10-07T11:29:07","date_gmt":"2021-10-07T09:29:07","guid":{"rendered":"https:\/\/blogs2.abo.fi\/grundkursistatsvetenskap2021\/?p=127"},"modified":"2021-10-07T11:29:07","modified_gmt":"2021-10-07T09:29:07","slug":"gastforelasning-journalisten-som-samhallspaverkare-i-ett-komplext-medielandskap-2","status":"publish","type":"post","link":"https:\/\/blogs2.abo.fi\/grundkursistatsvetenskap2021\/2021\/10\/07\/gastforelasning-journalisten-som-samhallspaverkare-i-ett-komplext-medielandskap-2\/","title":{"rendered":"G\u00e4stf\u00f6rel\u00e4sning: Journalisten som samh\u00e4llsp\u00e5verkare i ett komplext medielandskap"},"content":{"rendered":"<p><em>Mathilda Sj\u00f6blom<\/em><\/p>\n<p><span style=\"font-size: medium\">Den 13 september fick jag ta del av Klas Backholms g\u00e4stf\u00f6rel\u00e4sning <em>Journalisten som samh\u00e4llsp\u00e5verkare i ett komplext medielandskap, Case Covid-pandemin<\/em> som h\u00f6lls i grundkursen i statsvetenskap. Under f\u00f6rel\u00e4sningen presenterades journalistens roll i dagens samh\u00e4lle p\u00e5verkat av massmedier, samt Backholm med kollegors egna forskning om journalisters psykiska m\u00e5ende under pandemin. <\/span><span style=\"font-size: medium\">\u00c4mnet var en \u00f6gon\u00f6ppnare f\u00f6r mig med tanke p\u00e5 att m\u00e5nga yrken synligt p\u00e5verkats negativt under pandemin medan t.ex. journalisternas p\u00e5verkan av pandemin inte varit lika synlig ut till allm\u00e4nheten.\u00a0<\/span><\/p>\n<p><span style=\"font-size: medium\">F\u00f6r att f\u00e5 en inblick i journalistens arbete inleddes f\u00f6rel\u00e4sningen med en kort definition av vad en journalist g\u00f6r, samt hur deras roll i samh\u00e4llet st\u00e4ndigt \u00e4r i f\u00f6r\u00e4ndring. Exempelvis att vara k\u00e4llkritisk har blivit mycket viktigare nu \u00e4n till skillnad fr\u00e5n f\u00f6r bara n\u00e5gra 10 tals \u00e5r sedan. D\u00e5 var inte medieutbudet lika brett och l\u00e4ttillg\u00e4ngligt f\u00f6r vem som helst att publicera p\u00e5. Journalisterna spelar en informationsroll som \u00f6gon och \u00f6ron i samh\u00e4llet, vilket inneb\u00e4r att de ansvarar \u00f6ver att f\u00f6rmedla aktuell och relevant information. Under pandemin har \u00e4ven journalistens granskarroll, som samh\u00e4llets vakthund, varit viktig f\u00f6r att f\u00f6rmedla korrekt och l\u00e4ttf\u00f6rst\u00e5dd information fr\u00e5n tillf\u00f6rlitliga k\u00e4llor, t.ex. l\u00e4kare och myndigheter.<\/span><\/p>\n<p><span style=\"font-size: medium\">Vi kommer dagligen i kontakt med olika medier vars uppgift \u00e4r att f\u00f6ra fram information eller till och med p\u00e5verka oss. Det h\u00e4nder vare sig vi vill eller inte, och det \u00e4r n\u00e5got vi \u00e4r s\u00e5 vana med att vi inte alltid heller m\u00e4rker av det. Journalister har d\u00e4rf\u00f6r ett visst ansvar att f\u00f6rmedla sig objektivt. Men eftersom vi bara \u00e4r m\u00e4nniskor och inte robotar kan det vara v\u00e4ldigt sv\u00e5rt att alltid h\u00e5lla sig objektiv, samt att alltid utf\u00f6ra ett lika bra jobb. Omgivningen och h\u00e4ndelser runt omkring spelar d\u00e4rf\u00f6r stor roll f\u00f6r journalisterna, eftersom det kan p\u00e5verka dem p\u00e5 en personlig niv\u00e5 vilket kan g\u00e5 ut \u00f6ver jobbet. I samband med det publiceras d\u00e5 en m\u00f6jligtvis vinklad och subjektiv syn p\u00e5 nyhetsh\u00e4ndelser i medier som resten av samh\u00e4llet tar in.<\/span><\/p>\n<p><span style=\"font-size: large\"><span style=\"font-size: medium\">De forskningsfr\u00e5gor som Backholm baserade sin forskningen p\u00e5 om psykiska m\u00e5endet hos journalister var \u201dI vilken utstr\u00e4ckning har arbetet med pandemin lett till att journalister m\u00e5r s\u00e4mre psykiskt?\u201d och \u201d<\/span><span style=\"font-size: medium\">Hur inverkade a) risken f\u00f6r att komma i kontakt med viruset via jobbet, b) flytten till hemmakontor, och c) det f\u00f6rs\u00e4mrade st\u00f6det av chefer\/kollegor pga flytten p\u00e5 det psykiska m\u00e5endet?\u201d. <\/span><span style=\"font-size: medium\">P\u00e5verkan av pandemin och flytten till hemmakontor kan f\u00f6ra med sig negativa reaktioner som bl.a. ensamhet, \u00e5ngest, stress och utmattning. Resultatet av Backholms studie visar att 74-77% upplevt \u00e5tminstone en typ av negativ reaktion, 28-47% har upplevt stora problem med n\u00e5gon negativ reaktion och 3-4% har till och med f\u00e5tt sjukskriva sig.<\/span> <\/span><\/p>\n<p><span style=\"font-size: medium\">Som mottagare av massmediernas inneh\u00e5ll \u00e4r det i s\u00e5dana h\u00e4r tillf\u00e4llen viktigt att vara k\u00e4llkritisk samt l\u00e4sa mellan raderna trots att det inte ska vara n\u00f6dv\u00e4ndigt. Men som forskningsresultaten visar har en stor del av journalisters psykiska m\u00e5ende p\u00e5verkats negativt av pandemin och som tidigare n\u00e4mnt utf\u00f6r inte vi m\u00e4nniskor vanligtvis samma kvalitet p\u00e5 arbetet med de omst\u00e4ndigheterna. <\/span><\/p>\n<p><strong>K\u00e4lla:<\/strong><\/p>\n<p>Backholm, K. (13 september, 2021)\u00a0<em>Journalisten som samh\u00e4llsp\u00e5verkare i ett komplext medielandskap: Case Covid-pandemin.<\/em> Vasa: \u00c5bo Akademi<\/p>\n","protected":false},"excerpt":{"rendered":"<p>Mathilda Sj\u00f6blom Den 13 september fick jag ta del av Klas Backholms g\u00e4stf\u00f6rel\u00e4sning Journalisten som samh\u00e4llsp\u00e5verkare i ett komplext medielandskap, Case Covid-pandemin som h\u00f6lls i grundkursen i statsvetenskap. Under f\u00f6rel\u00e4sningen presenterades journalistens roll i dagens samh\u00e4lle p\u00e5verkat av massmedier, samt Backholm med kollegors egna forskning om journalisters psykiska m\u00e5ende under pandemin. \u00c4mnet var en \u00f6gon\u00f6ppnare &hellip; <a href=\"https:\/\/blogs2.abo.fi\/grundkursistatsvetenskap2021\/2021\/10\/07\/gastforelasning-journalisten-som-samhallspaverkare-i-ett-komplext-medielandskap-2\/\" class=\"more-link\">Forts\u00e4tt l\u00e4sa <span class=\"screen-reader-text\">G\u00e4stf\u00f6rel\u00e4sning: Journalisten som samh\u00e4llsp\u00e5verkare i ett komplext medielandskap<\/span><\/a><\/p>\n","protected":false},"author":671,"featured_media":0,"comment_status":"open","ping_status":"open","sticky":false,"template":"","format":"standard","meta":{"footnotes":""},"categories":[1],"tags":[],"class_list":["post-127","post","type-post","status-publish","format-standard","hentry","category-okategoriserade"],"_links":{"self":[{"href":"https:\/\/blogs2.abo.fi\/grundkursistatsvetenskap2021\/wp-json\/wp\/v2\/posts\/127","targetHints":{"allow":["GET"]}}],"collection":[{"href":"https:\/\/blogs2.abo.fi\/grundkursistatsvetenskap2021\/wp-json\/wp\/v2\/posts"}],"about":[{"href":"https:\/\/blogs2.abo.fi\/grundkursistatsvetenskap2021\/wp-json\/wp\/v2\/types\/post"}],"author":[{"embeddable":true,"href":"https:\/\/blogs2.abo.fi\/grundkursistatsvetenskap2021\/wp-json\/wp\/v2\/users\/671"}],"replies":[{"embeddable":true,"href":"https:\/\/blogs2.abo.fi\/grundkursistatsvetenskap2021\/wp-json\/wp\/v2\/comments?post=127"}],"version-history":[{"count":6,"href":"https:\/\/blogs2.abo.fi\/grundkursistatsvetenskap2021\/wp-json\/wp\/v2\/posts\/127\/revisions"}],"predecessor-version":[{"id":157,"href":"https:\/\/blogs2.abo.fi\/grundkursistatsvetenskap2021\/wp-json\/wp\/v2\/posts\/127\/revisions\/157"}],"wp:attachment":[{"href":"https:\/\/blogs2.abo.fi\/grundkursistatsvetenskap2021\/wp-json\/wp\/v2\/media?parent=127"}],"wp:term":[{"taxonomy":"category","embeddable":true,"href":"https:\/\/blogs2.abo.fi\/grundkursistatsvetenskap2021\/wp-json\/wp\/v2\/categories?post=127"},{"taxonomy":"post_tag","embeddable":true,"href":"https:\/\/blogs2.abo.fi\/grundkursistatsvetenskap2021\/wp-json\/wp\/v2\/tags?post=127"}],"curies":[{"name":"wp","href":"https:\/\/api.w.org\/{rel}","templated":true}]}}