{"id":124,"date":"2021-10-06T17:53:34","date_gmt":"2021-10-06T15:53:34","guid":{"rendered":"https:\/\/blogs2.abo.fi\/grundkursistatsvetenskap2021\/?p=124"},"modified":"2021-10-06T17:53:34","modified_gmt":"2021-10-06T15:53:34","slug":"intervju-med-elli-flen","status":"publish","type":"post","link":"https:\/\/blogs2.abo.fi\/grundkursistatsvetenskap2021\/2021\/10\/06\/intervju-med-elli-flen\/","title":{"rendered":"Intervju med Elli Fl\u00e9n"},"content":{"rendered":"<p><em>Jenna Lamminen &amp; Antonia Svenlin<\/em><\/p>\n<p>D\u00e5 vi fick uppgiften om att intervjua en alumn s\u00f6kte vi p\u00e5 LinkedIn och hittade Elli Fl\u00e9n. Hennes profil s\u00e5g v\u00e4ldigt intressant ut s\u00e5 vi kontaktade henne om intervjun. Vi tr\u00e4ffade henne via zoom f\u00f6r intervju.<\/p>\n<p><em><strong>Vad \u00e4r det du jobbar med?<\/strong><\/em><\/p>\n<p>Jag jobbar som kommunikationskonsult och har eget f\u00f6retag sedan 12 \u00e5r tillbaka. P\u00e5 firman erbjuds olika kommunikationstj\u00e4nster, utbildning samt hj\u00e4lp med kriskommunikation. Jag erbjuder \u00e4ven medietr\u00e4ning \u00e5t f\u00f6retagsledare och ledare p\u00e5 andra niv\u00e5er samt myndigheter.<\/p>\n<p><strong><em>Hur startade du firman?<\/em><\/strong><\/p>\n<p>Jag startade firman d\u00e5 jag flyttade tillbaka hem till Nykarleby f\u00f6r k\u00e4rleken. Det finns inga riktigt sp\u00e4nnande arbeten f\u00f6r mig h\u00e4r, s\u00e5 jag startade egen firma f\u00f6r att f\u00e5 g\u00f6ra det jag vill och \u00e4r intresserad av. Jag har sysslat med distansarbete l\u00e5ngt innan coronan. De flesta av mina kunder finns i huvudstadsregionen.<\/p>\n<p><strong><em>Vilka andra jobb har tagit dig till den plats i karri\u00e4ren du \u00e4r nu?<\/em><\/strong><\/p>\n<p>Jag jobbade f\u00f6rst som journalist. Jag jobbade heltid p\u00e5 Yle redan vid sidan om studierna. Det jobbet fick jag genom praktiken p\u00e5 massmedia-programmet. Jag var p\u00e5 praktik fr\u00e5n massmediaprogrammet ocks\u00e5 p\u00e5 bland annat Vasabladet. D\u00e5 jag blev f\u00e4rdig politices magister fick jag v\u00e4l n\u00e5gon sorts panik \u00f6ver att tvingas bli vuxen s\u00e5 jag ryckte in i milit\u00e4ren. D\u00e4rifr\u00e5n kom jag in p\u00e5 reservofficersutbildningen i Fredrikshamn och d\u00e4rifr\u00e5n valdes ett tjugotal ut till specialofficersutbildning. Valet baserades p\u00e5 om man hade haft ett yrke i det civila som F\u00f6rsvarsmakten kunde utnyttja. Jag fick som aspirant tj\u00e4nstg\u00f6ra p\u00e5 huvudstabens press- och informationsavdelning d\u00e4r jag senare fick fast jobb. Jag har ocks\u00e5 varit fredsbevarare i Kosovo och Afghanistan och p\u00e5 ett civilt krishanteringsuppdrag i Kosovo som presschef p\u00e5 Organisationen f\u00f6r s\u00e4kerhet och samarbete i Europa.<\/p>\n<p><em><strong>Vilken utbildning har du?<\/strong><\/em><\/p>\n<p>Jag har studerat statskunskap i \u00c5bo Akademi med masskommunikation som bi\u00e4mne 1996\u20132002.<\/p>\n<p><strong><em>Vad gjorde att du s\u00f6kte till den?<\/em><\/strong><\/p>\n<p>Jag tror jag var lite vilsen och os\u00e4ker p\u00e5 vad jag ville g\u00f6ra efter gymnasiet, men masskommunikation verkade intressant och jag hade h\u00f6rt bra saker om den h\u00e4r utbildningen. Jag hade g\u00e5tt IB-linjen i Vasa s\u00e5 jag var ocks\u00e5 f\u00e4rdigt i Vasa.<\/p>\n<p><em><strong>Vilka bi\u00e4mnen har du l\u00e4st, huvud\u00e4mne?<\/strong><\/em><\/p>\n<p>Jag l\u00e4ste offentlig f\u00f6rvaltning som andra bi\u00e4mne. Jag tog ocks\u00e5 JOO-kurser vid F\u00f6rsvarsh\u00f6gskolan, det var en grundkurs i strategi.<\/p>\n<p><em><strong>Finns det n\u00e5got du \u00f6nskade ha l\u00e4rt dig under din utbildning, tex n\u00e5got som kan vara bra att veta i arbetslivet?<\/strong><\/em><\/p>\n<p>Jag skulle ha beh\u00f6vt mera av allt. Studierna gav fullt med fakta, men det var ibland sv\u00e5rt att relatera till all information under studietiden. Nu senare har jag insett att jag faktiskt har haft nytta av allt i en eller annan form. Jag \u00f6nskar jag skulle ha varit i utbyte ett helt \u00e5r, jag var ett halvt \u00e5r i Oslo och d\u00e4r fanns m\u00e5nga kurser jag skulle ha velat ta.<\/p>\n<p><strong><em>Har du tips \u00e5t studerande p\u00e5 denna utbildning?<\/em><\/strong><\/p>\n<p>\u00c5k p\u00e5 utbyte om du har m\u00f6jlighet, det \u00e4r en upplevelse. Ta nytta av JOO-studier. Och laga undan grundkursen i statistik snabbt, den hade jag p\u00e5 slarv d\u00e5 allt annat var klart.<\/p>\n","protected":false},"excerpt":{"rendered":"<p>Jenna Lamminen &amp; Antonia Svenlin D\u00e5 vi fick uppgiften om att intervjua en alumn s\u00f6kte vi p\u00e5 LinkedIn och hittade Elli Fl\u00e9n. Hennes profil s\u00e5g v\u00e4ldigt intressant ut s\u00e5 vi kontaktade henne om intervjun. Vi tr\u00e4ffade henne via zoom f\u00f6r intervju. Vad \u00e4r det du jobbar med? Jag jobbar som kommunikationskonsult och har eget f\u00f6retag &hellip; <a href=\"https:\/\/blogs2.abo.fi\/grundkursistatsvetenskap2021\/2021\/10\/06\/intervju-med-elli-flen\/\" class=\"more-link\">Forts\u00e4tt l\u00e4sa <span class=\"screen-reader-text\">Intervju med Elli Fl\u00e9n<\/span><\/a><\/p>\n","protected":false},"author":663,"featured_media":0,"comment_status":"open","ping_status":"open","sticky":false,"template":"","format":"standard","meta":{"footnotes":""},"categories":[1],"tags":[],"class_list":["post-124","post","type-post","status-publish","format-standard","hentry","category-okategoriserade"],"_links":{"self":[{"href":"https:\/\/blogs2.abo.fi\/grundkursistatsvetenskap2021\/wp-json\/wp\/v2\/posts\/124","targetHints":{"allow":["GET"]}}],"collection":[{"href":"https:\/\/blogs2.abo.fi\/grundkursistatsvetenskap2021\/wp-json\/wp\/v2\/posts"}],"about":[{"href":"https:\/\/blogs2.abo.fi\/grundkursistatsvetenskap2021\/wp-json\/wp\/v2\/types\/post"}],"author":[{"embeddable":true,"href":"https:\/\/blogs2.abo.fi\/grundkursistatsvetenskap2021\/wp-json\/wp\/v2\/users\/663"}],"replies":[{"embeddable":true,"href":"https:\/\/blogs2.abo.fi\/grundkursistatsvetenskap2021\/wp-json\/wp\/v2\/comments?post=124"}],"version-history":[{"count":1,"href":"https:\/\/blogs2.abo.fi\/grundkursistatsvetenskap2021\/wp-json\/wp\/v2\/posts\/124\/revisions"}],"predecessor-version":[{"id":125,"href":"https:\/\/blogs2.abo.fi\/grundkursistatsvetenskap2021\/wp-json\/wp\/v2\/posts\/124\/revisions\/125"}],"wp:attachment":[{"href":"https:\/\/blogs2.abo.fi\/grundkursistatsvetenskap2021\/wp-json\/wp\/v2\/media?parent=124"}],"wp:term":[{"taxonomy":"category","embeddable":true,"href":"https:\/\/blogs2.abo.fi\/grundkursistatsvetenskap2021\/wp-json\/wp\/v2\/categories?post=124"},{"taxonomy":"post_tag","embeddable":true,"href":"https:\/\/blogs2.abo.fi\/grundkursistatsvetenskap2021\/wp-json\/wp\/v2\/tags?post=124"}],"curies":[{"name":"wp","href":"https:\/\/api.w.org\/{rel}","templated":true}]}}