{"id":120,"date":"2021-10-07T15:37:25","date_gmt":"2021-10-07T13:37:25","guid":{"rendered":"https:\/\/blogs2.abo.fi\/grundkursistatsvetenskap2021\/?p=120"},"modified":"2021-10-07T15:37:25","modified_gmt":"2021-10-07T13:37:25","slug":"intervju-med-alumn-ann-christin-holtti","status":"publish","type":"post","link":"https:\/\/blogs2.abo.fi\/grundkursistatsvetenskap2021\/2021\/10\/07\/intervju-med-alumn-ann-christin-holtti\/","title":{"rendered":"Intervju med alumn Ann-Christin Holtti"},"content":{"rendered":"<p><em>Carl Holtti &amp; Nicole Sten<\/em><\/p>\n<p><span style=\"font-weight: 400\">Vi fick i uppgift att skriva ett blogginl\u00e4gg d\u00e4r vi intervjuat en alumn, efter en tid av fundering kom vi \u00f6verens om att fr\u00e5ga Carls mor Ann-Christin Holtti, statsvetare som arbetar p\u00e5 Malax kommun. Intervjun skedde via teams d\u00e4r Nicole intervjuade och Carl transkriberade.\u00a0<\/span><\/p>\n<p><strong>Varf\u00f6r valde du att studera statskunskap?<\/strong><\/p>\n<p><span style=\"font-weight: 400\">Oj, \u00e4r det en samvetsfr\u00e5ga det h\u00e4r? Jag ville f\u00f6rst studera f\u00f6r att bli \u00f6vers\u00e4ttare, men problemet var att man beh\u00f6vde studera till det med finska som huvudspr\u00e5k, s\u00e5 efter det best\u00e4mde jag mig f\u00f6r att studera statsvetenskap ist\u00e4llet, om n\u00e5got sm\u00e5tt omedvetet.<\/span><\/p>\n<p><strong>Varf\u00f6r tror du att statskunskap \u00e4r viktigt?<\/strong><\/p>\n<p>Oavsett vad man l\u00e4ser f\u00f6r utbildning kan man nog bilda sig en uppfattning av samh\u00e4llet och om grundl\u00e4ggande saker, exempelvis fungerar bra eller d\u00e5ligt i samh\u00e4llet. N\u00e4r man l\u00e4ser statskunskap f\u00e5r man ist\u00e4llet en djupare bild av samh\u00e4llet och hur det \u00e4r uppbyggt, detta har inte de flesta.<\/p>\n<p><strong>Hur har din karri\u00e4rv\u00e4g sett ut?\u00a0<\/strong><\/p>\n<p><span style=\"font-weight: 400\">Den har varit slingrig. Jag jobbade f\u00f6rst med helt andra uppgifter.\u00a0 Efter jag hade skrivit f\u00e4rdigt min kandidat b\u00f6rjade jag jobba p\u00e5 kontor, s\u00e5 d\u00e4r hade jag kanske inte s\u00e5 j\u00e4ttestor nytta av min utbildning i statsvetenskap. Jag jobbade efter det 17 \u00e5r vid TE-byr\u00e5n i Vasa, d\u00e4r var min utbildning bra som grund. N\u00e4r gjorde f\u00e4rdigt min magister bytte jag arbete och sedan dess har jag arbetat p\u00e5 Malax kommun.\u00a0<\/span><\/p>\n<p><strong>Vad jobbar du med idag?<\/strong><\/p>\n<p>Jag jobbar f\u00f6r tillf\u00e4llet som personalchef vid Malax kommun.<\/p>\n<p><strong>Vad \u00e4r dina arbetsuppgifter?<\/strong><\/p>\n<p><span style=\"font-weight: 400\">Mina arbetsuppgifter \u00e4r fr\u00e4mst att st\u00f6dja personalen och arbeta med personalfr\u00e5gor. Personalen kan ta kontakt d\u00e5 det g\u00e4ller alla sorts fr\u00e5gor, ocks\u00e5 g\u00e4llande v\u00e4ldigt sm\u00e5 saker, det \u00e4r l\u00e5g ribba g\u00e4llande n\u00e4r man kan komma och st\u00e4lla en fr\u00e5ga. Jag jobbar ocks\u00e5 med fr\u00e5gor g\u00e4llande exempelvis syssels\u00e4ttning. Sedan har jag kontakt med i princip alla som \u00e4r anst\u00e4llda under kommunen.<\/span><\/p>\n<p><strong>Vad var det viktigaste du l\u00e4rde dig under utbildningen?<\/strong><\/p>\n<p><span style=\"font-weight: 400\">Man har en bakgrund d\u00e4r man f\u00f6rst\u00e5r hur samh\u00e4llet och kommunen \u00e4r uppbyggd rent praktiskt. I varje arbetsplats kommer det nya saker som man inte haft att g\u00f6ra med tidigare. Man l\u00e4r sig helt enkelt grunderna p\u00e5 arbetsplatsen. Detta p\u00e5 grund av att informationen man l\u00e4rt sig blir gammal, bland annat.<\/span><\/p>\n<p><strong>Vad \u00e4r dina tips till nya statskunskapsstuderande?<\/strong><\/p>\n<p><span style=\"font-weight: 400\">Statsvetenskap \u00e4r ett otroligt brett \u00e4mne och man kan arbeta med s\u00e5 mycket. Det man l\u00e4r sig f\u00f6rbereder dig till det du vill g\u00f6ra i framtiden. Det hj\u00e4lper om man vet vad man vill g\u00f6ra eller om man har ett m\u00e5l. L\u00e4rdomarna kan vara till nytta f\u00f6r att ta sig till det m\u00e5l man vill n\u00e5.<\/span><\/p>\n<p>&nbsp;<\/p>\n<p>&nbsp;<\/p>\n","protected":false},"excerpt":{"rendered":"<p>Carl Holtti &amp; Nicole Sten Vi fick i uppgift att skriva ett blogginl\u00e4gg d\u00e4r vi intervjuat en alumn, efter en tid av fundering kom vi \u00f6verens om att fr\u00e5ga Carls mor Ann-Christin Holtti, statsvetare som arbetar p\u00e5 Malax kommun. Intervjun skedde via teams d\u00e4r Nicole intervjuade och Carl transkriberade.\u00a0 Varf\u00f6r valde du att studera statskunskap? &hellip; <a href=\"https:\/\/blogs2.abo.fi\/grundkursistatsvetenskap2021\/2021\/10\/07\/intervju-med-alumn-ann-christin-holtti\/\" class=\"more-link\">Forts\u00e4tt l\u00e4sa <span class=\"screen-reader-text\">Intervju med alumn Ann-Christin Holtti<\/span><\/a><\/p>\n","protected":false},"author":657,"featured_media":0,"comment_status":"open","ping_status":"open","sticky":false,"template":"","format":"standard","meta":{"footnotes":""},"categories":[1],"tags":[],"class_list":["post-120","post","type-post","status-publish","format-standard","hentry","category-okategoriserade"],"_links":{"self":[{"href":"https:\/\/blogs2.abo.fi\/grundkursistatsvetenskap2021\/wp-json\/wp\/v2\/posts\/120","targetHints":{"allow":["GET"]}}],"collection":[{"href":"https:\/\/blogs2.abo.fi\/grundkursistatsvetenskap2021\/wp-json\/wp\/v2\/posts"}],"about":[{"href":"https:\/\/blogs2.abo.fi\/grundkursistatsvetenskap2021\/wp-json\/wp\/v2\/types\/post"}],"author":[{"embeddable":true,"href":"https:\/\/blogs2.abo.fi\/grundkursistatsvetenskap2021\/wp-json\/wp\/v2\/users\/657"}],"replies":[{"embeddable":true,"href":"https:\/\/blogs2.abo.fi\/grundkursistatsvetenskap2021\/wp-json\/wp\/v2\/comments?post=120"}],"version-history":[{"count":1,"href":"https:\/\/blogs2.abo.fi\/grundkursistatsvetenskap2021\/wp-json\/wp\/v2\/posts\/120\/revisions"}],"predecessor-version":[{"id":196,"href":"https:\/\/blogs2.abo.fi\/grundkursistatsvetenskap2021\/wp-json\/wp\/v2\/posts\/120\/revisions\/196"}],"wp:attachment":[{"href":"https:\/\/blogs2.abo.fi\/grundkursistatsvetenskap2021\/wp-json\/wp\/v2\/media?parent=120"}],"wp:term":[{"taxonomy":"category","embeddable":true,"href":"https:\/\/blogs2.abo.fi\/grundkursistatsvetenskap2021\/wp-json\/wp\/v2\/categories?post=120"},{"taxonomy":"post_tag","embeddable":true,"href":"https:\/\/blogs2.abo.fi\/grundkursistatsvetenskap2021\/wp-json\/wp\/v2\/tags?post=120"}],"curies":[{"name":"wp","href":"https:\/\/api.w.org\/{rel}","templated":true}]}}