{"id":12,"date":"2021-09-17T10:18:13","date_gmt":"2021-09-17T08:18:13","guid":{"rendered":"https:\/\/blogs2.abo.fi\/grundkursistatsvetenskap2021\/?p=12"},"modified":"2021-09-17T10:18:13","modified_gmt":"2021-09-17T08:18:13","slug":"vakthunden-som-nosade-upp-arets-forvillare","status":"publish","type":"post","link":"https:\/\/blogs2.abo.fi\/grundkursistatsvetenskap2021\/2021\/09\/17\/vakthunden-som-nosade-upp-arets-forvillare\/","title":{"rendered":"Vakthunden som nosade upp \u201d\u00e5rets f\u00f6rvillare\u201d"},"content":{"rendered":"<p style=\"text-align: right\"><strong>Mikaela Kurula<\/strong><\/p>\n<p>N\u00e4r Klas Backholm pratar om medias roll \u00e4r det speciellt ett begrepp som sticker ut: \u201dvakthund\u201d (13.9.2021). Mediernas roll \u00e4r att offentligg\u00f6ra information och ifr\u00e5gas\u00e4tta samt granska den. Ibland kan det dock vara problematiskt att offentligg\u00f6ra information, speciellt om de som besitter den inte litar p\u00e5 den offentliga nyhetsrapporteringen. I s\u00e5dana fall kan journalister anv\u00e4nda sig av en metod som kallas granskande journalistik, som ibland inneb\u00e4r att jobba \u201dundercover\u201d f\u00f6r att komma n\u00e4ra personerna, eller informationen de besitter, som man vill belysa.<\/p>\n<figure id=\"attachment_14\" aria-describedby=\"caption-attachment-14\" style=\"width: 209px\" class=\"wp-caption alignright\"><img loading=\"lazy\" decoding=\"async\" class=\" wp-image-14\" src=\"http:\/\/blogs2.abo.fi\/grundkursistatsvetenskap2021\/wp-content\/uploads\/sites\/192\/2021\/09\/Vaccinkrigarna-200x300.jpg\" alt=\"\" width=\"209\" height=\"313\" srcset=\"https:\/\/blogs2.abo.fi\/grundkursistatsvetenskap2021\/wp-content\/uploads\/sites\/192\/2021\/09\/Vaccinkrigarna-200x300.jpg 200w, https:\/\/blogs2.abo.fi\/grundkursistatsvetenskap2021\/wp-content\/uploads\/sites\/192\/2021\/09\/Vaccinkrigarna-683x1024.jpg 683w, https:\/\/blogs2.abo.fi\/grundkursistatsvetenskap2021\/wp-content\/uploads\/sites\/192\/2021\/09\/Vaccinkrigarna.jpg 720w\" sizes=\"auto, (max-width: 209px) 100vw, 209px\" \/><figcaption id=\"caption-attachment-14\" class=\"wp-caption-text\">Bild 1<\/figcaption><\/figure>\n<p>Coronapandemins utbredning v\u00e4ckte en l\u00e4ngtan i m\u00e5nga hem efter ett vaccin som skulle f\u00f6rhindra virusets framfart och skapa en flockimmunitet, men inte i <strong>alla<\/strong> hem. Efter observationer av en \u00f6kande kritiskhet mot vaccin i l\u00e4nder runtom Europa inledde gr\u00e4vande journalistikrapporterna Anna Nordbeck och Malin Olofsson f\u00f6rarbetet inf\u00f6r dokument\u00e4rserien <em>Vaccinkrigarna, <\/em>sommaren 2019. M\u00e5let med serien var att belysa antivaccinr\u00f6relsens framv\u00e4xt i Norden och granska hur falsk information sprids av och inom r\u00f6relsen (Hans\u00e9n, 2021). I serien f\u00e5r vaccinmotst\u00e5ndsr\u00f6relsen i Norden ett ansikte som skall komma och s\u00e4tta \u00d6sterbotten i blickf\u00e5nget, Linda Karlstr\u00f6m.<\/p>\n<p>Ingen kunde nog ana vilken stor utbredning denna dokument\u00e4rserie skulle f\u00e5 n\u00e4r projektet inleddes, men n\u00e4r Coronapandemin intr\u00e4ffar under v\u00e5ren 2020 f\u00e5r temat en \u00f6kad politisk- och emotionell laddning. Vaccinmotst\u00e5ndarna som tidigare varit en relativt anonym r\u00f6relse i Norden blir nu ett hatobjekt som motarbetar samh\u00e4llets f\u00f6rs\u00f6k att \u00e5terg\u00e5 till ett normalt liv. P\u00e5 grund av denna samh\u00e4lleliga kontext n\u00e4r serien publicerades i december 2020 \u00e4r k\u00e4nslorna som v\u00e4cks hos opinionen starka och m\u00e5nga, vilket leder till ett \u00f6kat politiskt tryck p\u00e5 r\u00f6relsen och dess f\u00f6respr\u00e5kare.<\/p>\n<p><em>Vaccinkrigarna <\/em>blev ett h\u00e5rt slag mot Karlstr\u00f6m, speciellt efter att Yle efter p\u00e5tryckningar fr\u00e5n publiken omv\u00e4rderade deras beslut att s\u00e4nda serien i Finland. Det klargjordes av THL vintern 2020 att hon var en av de bidragande faktorerna till att vaccinering f\u00f6r HPV-virus minskat i regionen (Vanas, 2020). D\u00e4rut\u00f6ver stoltserar hon i serien med en artikel av \u00d6T fr\u00e5n 2014 med rubriken \u201dJakobstad en riskzon: Sjunkande vaccinationssiffror g\u00f6r att epidemier riskerar bryta ut\u201d och s\u00e4ger att hon nog inte kan ta \u00e5t sig \u201dhela \u00e4ran\u201d men att hon nog uppmanat f\u00f6r\u00e4ldrar att ta reda p\u00e5 mera om vaccinernas biverkningar (Norbeck &amp; Olfosson, 2020). Karlstr\u00f6ms \u00e5sikter ang\u00e5ende coronavaccinet st\u00e4mmer \u00f6verens med hennes antivaccinationslinje och hon f\u00f6rnekar den p\u00e5g\u00e5ende pandemin och coronavirusets d\u00f6dlighet. D\u00e4rmed blev Karlstr\u00f6m utsedd till \u201d\u00c5rets f\u00f6rvillare\u201d av Skeptikernas f\u00f6rening i Sverige och Kronoby kommun, som \u00e4r Karlstr\u00f6ms hemkommun, och Finlands Svenska Idrott tog avst\u00e5nd fr\u00e5n hennes \u00e5sikter. D\u00e4rtill valde hon att avg\u00e5 som redskapsgymnastiktr\u00e4nare n\u00e4r hon b\u00f6rjade utredas p\u00e5 etiska grunder av Finlands Gymnastikf\u00f6rbund. (Wikipedia, 2021)<\/p>\n<figure id=\"attachment_13\" aria-describedby=\"caption-attachment-13\" style=\"width: 258px\" class=\"wp-caption alignright\"><img loading=\"lazy\" decoding=\"async\" class=\"size-medium wp-image-13\" src=\"http:\/\/blogs2.abo.fi\/grundkursistatsvetenskap2021\/wp-content\/uploads\/sites\/192\/2021\/09\/vaccinationsgrad-258x300.jpg\" alt=\"\" width=\"258\" height=\"300\" srcset=\"https:\/\/blogs2.abo.fi\/grundkursistatsvetenskap2021\/wp-content\/uploads\/sites\/192\/2021\/09\/vaccinationsgrad-258x300.jpg 258w, https:\/\/blogs2.abo.fi\/grundkursistatsvetenskap2021\/wp-content\/uploads\/sites\/192\/2021\/09\/vaccinationsgrad.jpg 614w\" sizes=\"auto, (max-width: 258px) 100vw, 258px\" \/><figcaption id=\"caption-attachment-13\" class=\"wp-caption-text\">Bild 2<\/figcaption><\/figure>\n<p>Den \u00f6kade os\u00e4k<span style=\"color: #333333;font-family: 'Noto Serif', serif;font-size: 17px\">erheten ang\u00e5ende vacciner i Jakobstad regionen speglas i vaccinationsgraderna som publiceras i \u00d6T den f\u00f6rsta september: Larsmo, Peders\u00f6re och Karleby \u00e4r de kommuner i \u00d6sterbotten d\u00e4r vaccinationsgraden mot coronaviruset \u00e4r som l\u00e4gst (Sahl, 2021). Artikeln g\u00e5r dock inte in p\u00e5 huruvida det \u00e4r antivaccinations\u00e5sikter och os\u00e4kerheten som \u00e4r orsaken till den l\u00e5ga vaccinationsgraden, men tas upp som en av huvudorsakerna i en annan \u00d6T artikel publicerad 9:de september (Lillqvist, 2021). Huruvida Karlstr\u00f6m har en direkt inverkan p\u00e5 de nuvarande vaccinationsgraderna av coronavaccinet i \u00d6sterbotten kan inte p\u00e5visas, men man kan gott anta att Karlstr\u00f6ms tidigare antivaccinsaktivitet skapat ringar p\u00e5 vattnet som fortfarande \u00e4r synliga.<\/span><\/p>\n<p>Jonas Jungar (2021) skriver i sin artikel \u201dD\u00e4rf\u00f6r skall du se <em>Vaccinkrigarna<\/em>\u201d att serien belyser mycket mer \u00e4n sj\u00e4lva vaccinmotst\u00e5ndsr\u00f6relsen och dess metoder. Han menar att serien \u00e4r \u201den djupdykning i faktaresistens, m\u00e4nniskans psyke och de sociala mekanismer som leder folk p\u00e5 irrv\u00e4gar\u201d. Detta citat tangerar ocks\u00e5 ett annat problem som Klas Backholm tar upp p\u00e5 sin f\u00f6rel\u00e4sning, det vill s\u00e4ga att \u00f6verfl\u00f6det och l\u00e4ttillg\u00e4ngligheten till information kan leda till f\u00f6rvirring och ett beteende d\u00e4r man enbart tar till sig information som passar och st\u00f6der ens f\u00f6rest\u00e4llningar. N\u00e5got som Jungar ocks\u00e5 po\u00e4ngterar.<\/p>\n<p>Denna unders\u00f6kande journalistik fick allts\u00e5 en viktig roll n\u00e4r det kom till att belysa vaccinmotst\u00e5ndarnas metoder f\u00f6r att f\u00f6rhindra spridningen av ickevetenskapligt material och \u00f6ka den kritiska granskningen p\u00e5 materialet de publicerade. Genom att lyfta upp konspirationsteorier som format m\u00e5nga antivaccin-f\u00f6respr\u00e5kares v\u00e4rldsbilder och de antisemitiska \u00e5sikter som Karlstr\u00f6m besitter, kan man gott anta att serien f\u00f6rs\u00f6kte f\u00e5 dess mera moderata anh\u00e4ngare att g\u00e5 emot r\u00f6relsen och b\u00f6rja ifr\u00e5gas\u00e4tta dess ledning och deras etik. <em>Vaccinkrigarna<\/em> blev allts\u00e5 ett medel att kriga f\u00f6r ett normalt post-covidsamh\u00e4lle.<\/p>\n<p>K\u00e4llor:<\/p>\n<p>Hans\u00e9n, Magnus. (8 februari 2021). \u201dSvenska Yle visar dokument\u00e4rserien Vaccinkrigarna\u201d. <em>Yle. <\/em><a href=\"https:\/\/svenska.yle.fi\/artikel\/2021\/02\/08\/svenska-yle-visar-dokumentarserien-vaccinkrigarna-det-var-en-tidskravande-svar\">https:\/\/svenska.yle.fi\/artikel\/2021\/02\/08\/svenska-yle-visar-dokumentarserien-vaccinkrigarna-det-var-en-tidskravande-svar<\/a>. 14.9.2021.<\/p>\n<p>Jungar, Jonas. (9 februari 2021). \u201dD\u00e4rf\u00f6r skall du se <em>Vaccinkrigarna<\/em>\u201d. <em>Yle. <\/em><a href=\"https:\/\/svenska.yle.fi\/artikel\/2021\/02\/09\/jonas-jungar-darfor-ska-du-se-dokumentaren-vaccinkrigarna-en-tidsbild-och-en\">https:\/\/svenska.yle.fi\/artikel\/2021\/02\/09\/jonas-jungar-darfor-ska-du-se-dokumentaren-vaccinkrigarna-en-tidsbild-och-en<\/a>. 14.9.2021.<\/p>\n<p>Lillqvist, Marcus. (8 september 2021). \u201dVissa \u00e4r helt emot vaccin\u201d. <em>\u00d6sterbottens Tidning. <\/em><\/p>\n<p>Sahl, Alexia. (1 september 2021). \u201dEffektiv vaccinering av 12\u201315 \u00e5ringarna\u201d. <em>\u00d6sterbottens Tidning<\/em>. \u00a0Se r\u00e4ttelse i \u00d6sterbottens Tidning 12.9.2021, s.5.<\/p>\n<p>Norbeck, Anna &amp; Olofsson, Malin. (2 decemeber 2020). Infiltrationen<em>. <\/em>(Episod 1). SVT. <em>Vaccinkrigarna.<\/em> <a href=\"https:\/\/arenan.yle.fi\/1-50745134\">https:\/\/arenan.yle.fi\/1-50745134<\/a>.<\/p>\n<p>Vanas, Antti. (13 januari 2020). <em>Sk\u00f6terskans ord v\u00e4ger tungt vid os\u00e4kerhet om vaccination<\/em>. SuPer &#8211; Finlands n\u00e4rv\u00e5rdar- och prim\u00e4rsk\u00f6tarf\u00f6rbund. <a href=\"https:\/\/www.superliitto.fi\/pa-svenska\/supers-kommunikation\/aktuellt\/skoterskans-ord-vager-tungt-vid-osakerhet-om-vaccination\/\">https:\/\/www.superliitto.fi\/pa-svenska\/supers-kommunikation\/aktuellt\/skoterskans-ord-vager-tungt-vid-osakerhet-om-vaccination\/<\/a>.<\/p>\n<p>Wikipedia<em>. <\/em>(14 september 2021). <em>Linda Karlstr\u00f6m<\/em>. <a href=\"https:\/\/sv.wikipedia.org\/wiki\/Linda_Karlstr%C3%B6m\">https:\/\/sv.wikipedia.org\/wiki\/Linda_Karlstr%C3%B6m<\/a>. 16.9.2021.<\/p>\n<p>Bild 1: Svtdokument\u00e4r. (16 december 2020). <em>Twitterpost. <\/em><a href=\"https:\/\/twitter.com\/svtdokumentar\/status\/1339314359730749440\">https:\/\/twitter.com\/svtdokumentar\/status\/1339314359730749440<\/a>. 16.9.2020<\/p>\n<p>Bild 2: Sahl, Alexia. (1 september 2021). \u201dEffektiv vaccinering av 12\u201315 \u00e5ringarna\u201d. <em>\u00d6sterbottens Tidning<\/em>.<\/p>\n<p>&nbsp;<\/p>\n","protected":false},"excerpt":{"rendered":"<p>Mikaela Kurula N\u00e4r Klas Backholm pratar om medias roll \u00e4r det speciellt ett begrepp som sticker ut: \u201dvakthund\u201d (13.9.2021). Mediernas roll \u00e4r att offentligg\u00f6ra information och ifr\u00e5gas\u00e4tta samt granska den. Ibland kan det dock vara problematiskt att offentligg\u00f6ra information, speciellt om de som besitter den inte litar p\u00e5 den offentliga nyhetsrapporteringen. I s\u00e5dana fall kan &hellip; <a href=\"https:\/\/blogs2.abo.fi\/grundkursistatsvetenskap2021\/2021\/09\/17\/vakthunden-som-nosade-upp-arets-forvillare\/\" class=\"more-link\">Forts\u00e4tt l\u00e4sa <span class=\"screen-reader-text\">Vakthunden som nosade upp \u201d\u00e5rets f\u00f6rvillare\u201d<\/span><\/a><\/p>\n","protected":false},"author":656,"featured_media":0,"comment_status":"open","ping_status":"open","sticky":false,"template":"","format":"standard","meta":{"footnotes":""},"categories":[1],"tags":[],"class_list":["post-12","post","type-post","status-publish","format-standard","hentry","category-okategoriserade"],"_links":{"self":[{"href":"https:\/\/blogs2.abo.fi\/grundkursistatsvetenskap2021\/wp-json\/wp\/v2\/posts\/12","targetHints":{"allow":["GET"]}}],"collection":[{"href":"https:\/\/blogs2.abo.fi\/grundkursistatsvetenskap2021\/wp-json\/wp\/v2\/posts"}],"about":[{"href":"https:\/\/blogs2.abo.fi\/grundkursistatsvetenskap2021\/wp-json\/wp\/v2\/types\/post"}],"author":[{"embeddable":true,"href":"https:\/\/blogs2.abo.fi\/grundkursistatsvetenskap2021\/wp-json\/wp\/v2\/users\/656"}],"replies":[{"embeddable":true,"href":"https:\/\/blogs2.abo.fi\/grundkursistatsvetenskap2021\/wp-json\/wp\/v2\/comments?post=12"}],"version-history":[{"count":4,"href":"https:\/\/blogs2.abo.fi\/grundkursistatsvetenskap2021\/wp-json\/wp\/v2\/posts\/12\/revisions"}],"predecessor-version":[{"id":18,"href":"https:\/\/blogs2.abo.fi\/grundkursistatsvetenskap2021\/wp-json\/wp\/v2\/posts\/12\/revisions\/18"}],"wp:attachment":[{"href":"https:\/\/blogs2.abo.fi\/grundkursistatsvetenskap2021\/wp-json\/wp\/v2\/media?parent=12"}],"wp:term":[{"taxonomy":"category","embeddable":true,"href":"https:\/\/blogs2.abo.fi\/grundkursistatsvetenskap2021\/wp-json\/wp\/v2\/categories?post=12"},{"taxonomy":"post_tag","embeddable":true,"href":"https:\/\/blogs2.abo.fi\/grundkursistatsvetenskap2021\/wp-json\/wp\/v2\/tags?post=12"}],"curies":[{"name":"wp","href":"https:\/\/api.w.org\/{rel}","templated":true}]}}