{"id":106,"date":"2021-10-05T12:59:07","date_gmt":"2021-10-05T10:59:07","guid":{"rendered":"https:\/\/blogs2.abo.fi\/grundkursistatsvetenskap2021\/?p=106"},"modified":"2021-10-05T12:59:07","modified_gmt":"2021-10-05T10:59:07","slug":"lindholm-j-visuell-kriskommunikation","status":"publish","type":"post","link":"https:\/\/blogs2.abo.fi\/grundkursistatsvetenskap2021\/2021\/10\/05\/lindholm-j-visuell-kriskommunikation\/","title":{"rendered":"Lindholm J. &#8211; Visuell kriskommunikation"},"content":{"rendered":"<p>Hanna Pundars<\/p>\n<p><span data-contrast=\"auto\">Jenny Lindholm h\u00f6ll den 14 september en mycket intressant och l\u00e4rorik f\u00f6rel\u00e4sning om visuell kriskommunikation.\u00a0Det som jag\u00a0fastnade\u00a0mest\u00a0f\u00f6r\u00a0var\u00a0n\u00e4r vi diskuterade kriser och katastrofer.\u00a0Lindholm b\u00f6rjade med att lyfta fram olika definitioner, vilket \u00e4r viktig inom statsvetenskap. Bl.a. talade vi om skillnaderna mellan\u00a0risker, katastrofer och kriser. T.ex. tog Lindholm upp att en katastrof uppst\u00e5r n\u00e4r risken s.k. materialiserats. Katastrofen delas in i tre olika faser, varningsfasen &#8211;&gt; akutfasen &#8211;&gt; \u00e5terh\u00e4mtningsfasen. Dessutom n\u00e4mnde hon att begreppet katastrofer ytterligare delas in i naturkatastrofer\u00a0(t.ex. tsunami)\u00a0och m\u00e4nskligt skapande (planerat bruk av v\u00e5ld samt olyckor).<\/span><span data-ccp-props=\"{&quot;201341983&quot;:0,&quot;335559739&quot;:160,&quot;335559740&quot;:259}\">\u00a0<\/span><\/p>\n<blockquote><p><span data-contrast=\"auto\">\u2018\u2019<\/span><i><span data-contrast=\"auto\">Fr\u00e5gor som \u00e4r viktiga f\u00f6r den breda allm\u00e4nheten, fr\u00e5gor som r\u00f6r allvarliga samh\u00e4lleliga problem och fr\u00e5gor som f\u00e5r stor uppm\u00e4rksamhet i medier \u2013 det \u00e4r fr\u00e5gor som ofta kommer upp p\u00e5 agendan<\/span><\/i><span data-contrast=\"auto\">\u2019\u2019 (Wolfe, 2012)<\/span><span data-ccp-props=\"{&quot;201341983&quot;:0,&quot;335559739&quot;:160,&quot;335559740&quot;:259}\">\u00a0<\/span><\/p><\/blockquote>\n<p><span data-contrast=\"auto\">Jag sj\u00e4lv har alltid haft ett stort intresse i att\u00a0l\u00e4sa om\u00a0olika katastrofer och hur de p\u00e5verkat v\u00e5rt samh\u00e4lle.\u00a0Det intressanta med katastrofer \u00e4r att f\u00e5 g\u00e5 in p\u00e5 djupet och ta reda p\u00e5 varf\u00f6r n\u00e5got h\u00e4nde, vad som h\u00e4nde och hur samh\u00e4llet \u00e5terh\u00e4mtat sig.\u00a0Det vill s\u00e4ga att studera katastrofen utifr\u00e5n Lindholms tre faser.\u00a0Jag har ocks\u00e5 studerat\u00a0hyfsat mycket\u00a0psykologi i gymnasiet och d\u00e4rf\u00f6r intresserar den psykologiska biten av katastrofer mig ocks\u00e5.\u00a0T.ex. Hur kriser och katastrofer p\u00e5verkar oss m\u00e4nniskor och hur det syns i v\u00e5ra handlingar.<\/span><span data-ccp-props=\"{&quot;201341983&quot;:0,&quot;335559739&quot;:160,&quot;335559740&quot;:259}\">\u00a0<\/span><\/p>\n<p><span data-contrast=\"auto\">Som jag ser det \u00e4r det mycket intressant hur vi p\u00e5verkar och agerar till f\u00f6ljd av dessa kriser och katastrofer.\u00a0Lindholm beskrev olika typer av icke-verbal kommunikation och det var intressant att sj\u00e4lv f\u00e5 g\u00e5 in p\u00e5 olika nordiska statsministrars\u00a0<\/span><i><span data-contrast=\"auto\">instagram\u00a0<\/span><\/i><span data-contrast=\"auto\">och se deras ansiktsuttryck\u00a0och d\u00e4rtill\u00a0kroppsspr\u00e5k\u00a0i deras bilder relaterade till\u00a0<\/span><i><span data-contrast=\"auto\">Covid\u201419<\/span><\/i><span data-contrast=\"auto\">.\u00a0N\u00e5got som ocks\u00e5 kan kopplas till psykologi, dvs. K\u00e4nslor.\u00a0Det var mycket intressant att studera skillnader och likheter i statsministrarnas ansiktsuttryck, hur mycket de publicerar om corona osv.\u00a0De flesta delade med sig av b\u00e5de sitt privatliv och arbetslivet. B\u00e5de Norges och Finlands statsministrar hade mycket positivitet kring bilderna och utstr\u00e5lade gl\u00e4dje samtidigt som det varvades med mer \u2018\u2019allvarliga\u2019\u2019 bilder.<\/span><span data-ccp-props=\"{&quot;201341983&quot;:0,&quot;335559739&quot;:160,&quot;335559740&quot;:259}\">\u00a0<\/span><\/p>\n<p><span data-contrast=\"auto\">Det var ocks\u00e5 mycket l\u00e4rorikt att\u00a0f\u00e5 ta del av\u00a0<\/span><i><span data-contrast=\"auto\">Experience\u00a0lab\u00a0<\/span><\/i><span data-contrast=\"auto\">sj\u00e4lv\u00a0f\u00e5 testa p\u00e5\u00a0\u2018\u2019eye-tracking\u2019\u2019.\u00a0D\u00e4r n\u00e4mnde Lindholm hur man kan anv\u00e4nda sig av \u2018\u2019eye-tracking\u2019\u2019 f\u00f6r att t.ex. forska i vad en l\u00e4sare kollar p\u00e5 i nyheter. Det skulle vara mycket intressant att studera huruvida vi m\u00e4nniskor dras mer till negativa respektive positiva nyheter. \u00c4r det t.ex. mer sannolikt att jag l\u00e4ser en artikel om \u2018\u2019Coronavaccinet skyddar oss\u2019\u2019 eller v\u00e4ljer jag ist\u00e4llet t.ex.\u00a0\u2018\u2019Fler d\u00f6da i corona\u2019\u2019?\u00a0Dessa rubriker av artiklar \u00e4r p\u00e5hittade.<\/span><span data-ccp-props=\"{&quot;201341983&quot;:0,&quot;335559739&quot;:160,&quot;335559740&quot;:259}\">\u00a0<\/span><\/p>\n<p><span data-contrast=\"auto\">Lindholm J. <\/span><i><span data-contrast=\"auto\">Visuell kriskommunikation \u2013 Finland under coronapandemins f\u00f6rsta skede,\u00a0<\/span><\/i><span data-contrast=\"auto\">14 september 2021\u00a0\u00c5bo akademi: Vasa<\/span><span data-ccp-props=\"{&quot;201341983&quot;:0,&quot;335559739&quot;:160,&quot;335559740&quot;:259}\">\u00a0<\/span><\/p>\n<p><span data-contrast=\"auto\">Wolfe, 2012<\/span><span data-ccp-props=\"{&quot;201341983&quot;:0,&quot;335559739&quot;:160,&quot;335559740&quot;:259}\">\u00a0<\/span><\/p>\n<p>&nbsp;<\/p>\n","protected":false},"excerpt":{"rendered":"<p>Hanna Pundars Jenny Lindholm h\u00f6ll den 14 september en mycket intressant och l\u00e4rorik f\u00f6rel\u00e4sning om visuell kriskommunikation.\u00a0Det som jag\u00a0fastnade\u00a0mest\u00a0f\u00f6r\u00a0var\u00a0n\u00e4r vi diskuterade kriser och katastrofer.\u00a0Lindholm b\u00f6rjade med att lyfta fram olika definitioner, vilket \u00e4r viktig inom statsvetenskap. Bl.a. talade vi om skillnaderna mellan\u00a0risker, katastrofer och kriser. T.ex. tog Lindholm upp att en katastrof uppst\u00e5r n\u00e4r risken &hellip; <a href=\"https:\/\/blogs2.abo.fi\/grundkursistatsvetenskap2021\/2021\/10\/05\/lindholm-j-visuell-kriskommunikation\/\" class=\"more-link\">Forts\u00e4tt l\u00e4sa <span class=\"screen-reader-text\">Lindholm J. &#8211; Visuell kriskommunikation<\/span><\/a><\/p>\n","protected":false},"author":666,"featured_media":0,"comment_status":"open","ping_status":"open","sticky":false,"template":"","format":"standard","meta":{"footnotes":""},"categories":[1],"tags":[],"class_list":["post-106","post","type-post","status-publish","format-standard","hentry","category-okategoriserade"],"_links":{"self":[{"href":"https:\/\/blogs2.abo.fi\/grundkursistatsvetenskap2021\/wp-json\/wp\/v2\/posts\/106","targetHints":{"allow":["GET"]}}],"collection":[{"href":"https:\/\/blogs2.abo.fi\/grundkursistatsvetenskap2021\/wp-json\/wp\/v2\/posts"}],"about":[{"href":"https:\/\/blogs2.abo.fi\/grundkursistatsvetenskap2021\/wp-json\/wp\/v2\/types\/post"}],"author":[{"embeddable":true,"href":"https:\/\/blogs2.abo.fi\/grundkursistatsvetenskap2021\/wp-json\/wp\/v2\/users\/666"}],"replies":[{"embeddable":true,"href":"https:\/\/blogs2.abo.fi\/grundkursistatsvetenskap2021\/wp-json\/wp\/v2\/comments?post=106"}],"version-history":[{"count":1,"href":"https:\/\/blogs2.abo.fi\/grundkursistatsvetenskap2021\/wp-json\/wp\/v2\/posts\/106\/revisions"}],"predecessor-version":[{"id":108,"href":"https:\/\/blogs2.abo.fi\/grundkursistatsvetenskap2021\/wp-json\/wp\/v2\/posts\/106\/revisions\/108"}],"wp:attachment":[{"href":"https:\/\/blogs2.abo.fi\/grundkursistatsvetenskap2021\/wp-json\/wp\/v2\/media?parent=106"}],"wp:term":[{"taxonomy":"category","embeddable":true,"href":"https:\/\/blogs2.abo.fi\/grundkursistatsvetenskap2021\/wp-json\/wp\/v2\/categories?post=106"},{"taxonomy":"post_tag","embeddable":true,"href":"https:\/\/blogs2.abo.fi\/grundkursistatsvetenskap2021\/wp-json\/wp\/v2\/tags?post=106"}],"curies":[{"name":"wp","href":"https:\/\/api.w.org\/{rel}","templated":true}]}}