{"id":101,"date":"2021-10-05T10:29:19","date_gmt":"2021-10-05T08:29:19","guid":{"rendered":"https:\/\/blogs2.abo.fi\/grundkursistatsvetenskap2021\/?p=101"},"modified":"2021-10-05T10:31:44","modified_gmt":"2021-10-05T08:31:44","slug":"gastforelasning-eu-igar-idag-och-imorgon","status":"publish","type":"post","link":"https:\/\/blogs2.abo.fi\/grundkursistatsvetenskap2021\/2021\/10\/05\/gastforelasning-eu-igar-idag-och-imorgon\/","title":{"rendered":"G\u00e4stf\u00f6rel\u00e4sning: EU ig\u00e5r, idag och imorgon?"},"content":{"rendered":"<p><i><span data-contrast=\"auto\">Aurora\u00a0Peurala<\/span><\/i><span data-ccp-props=\"{&quot;201341983&quot;:0,&quot;335559739&quot;:160,&quot;335559740&quot;:259}\">\u00a0<\/span><\/p>\n<p><span data-contrast=\"auto\">Den 20.9.2021 deltog jag i en\u00a0g\u00e4stf\u00f6rel\u00e4sning\u00a0om\u00a0<\/span><i><span data-contrast=\"auto\">EU ig\u00e5r, idag och imorgon?\u00a0<\/span><\/i><span data-contrast=\"auto\">A<\/span><span data-contrast=\"auto\">v\u00a0Thomas Karv\u00a0i grundkursen f\u00f6r statskunskap.\u00a0<\/span><span data-contrast=\"none\">Centrala teman\u00a0i f\u00f6rel\u00e4sningen\u00a0var:\u00a0vad EU \u00e4r,\u00a0olika\u00a0EU\u00a0f\u00f6rdrag,\u00a0EU:s\u00a0institutioner, kriser, hur EU ser ut idag och hur den kommer eventuellt att se ut i framtiden.\u00a0Mycket i f\u00f6rel\u00e4sningen var bekant fr\u00e5n f\u00f6rr men\u00a0en del\u00a0kom ocks\u00e5 som ny information.\u00a0Hur\u00a0EU eventuellt ser\u00a0ut i framtiden<\/span><i><span data-contrast=\"none\">\u00a0<\/span><\/i><span data-contrast=\"none\">var\u00a0n\u00e5got som\u00a0jag inte visste s\u00e5 mycket om\u00a0fr\u00e5n f\u00f6rr\u00a0men det\u00a0v\u00e4ckte intresse. EU \u00e4r ett centralt tema i statskunskap\u00a0och det kan nog vara bra att veta en del fakta om EU. Jag h\u00e5ller\u00a0sj\u00e4lv\u00a0\u00e4nnu\u00a0p\u00e5\u00a0att\u00a0leta\u00a0efter\u00a0det\u00a0som\u00a0intresserar mig mest\u00a0och vad\u00a0jag vill f\u00f6rdjupa mig i\u00a0mer.\u00a0Denna kurs och\u00a0denna f\u00f6rel\u00e4sning har fungerat som en \u00f6gon\u00f6ppnare till vad som man kan\u00a0eventuellt l\u00e4sa sig mera in p\u00e5.\u00a0<\/span><span data-ccp-props=\"{&quot;201341983&quot;:0,&quot;335559739&quot;:160,&quot;335559740&quot;:259}\">\u00a0<\/span><\/p>\n<p><span data-contrast=\"none\">Under f\u00f6rel\u00e4sningen ber\u00e4ttade\u00a0Thomas Karv\u00a0bland annat om hur EU har\u00a0varit med om\u00a0flera kriser efter 2004, bland annat eurokrisen 2010\u00a0och\u00a0brexit\u00a02016.\u00a0Brexit\u00a0\u00e4r en kris som jag minns bra, s\u00e4kert ocks\u00e5\u00a0p\u00e5 grund av\u00a0att det var en ny slags kris som man kanske inte skulle ha f\u00f6rv\u00e4ntat.\u00a0Karv diskuterade\u00a0bland annat om hurudana\u00a0effekter\u00a0brexit\u00a0kan ha\u00a0f\u00f6r\u00a0framtiden.\u00a0N\u00e4r Storbritannien uttr\u00e4dde ur EU,\u00a0gav\u00a0detta\u00a0\u201cbevis\u201d\u00a0p\u00e5\u00a0att det g\u00e5r och l\u00e4mna EU\u00a0genom en folkomr\u00f6stning.\u00a0Hur kommer eventuellt andra l\u00e4der reagera i framtidens kriser nu n\u00e4r Storbritannien visat att det g\u00e5r att l\u00e4mna EU?\u00a0Enligt mig\u00a0\u00e4r intressant att f\u00f6rs\u00f6ka\u00a0f\u00f6rutsp\u00e5\u00a0vad som kommer eventuellt h\u00e4nda f\u00f6r EU i framtiden men\u00a0p\u00e5 samma g\u00e5ng\u00a0k\u00e4nns det n\u00e4stan\u00a0overkligt\u00a0att t\u00e4nka att\u00a0Brexit\u00a0kommer eventuellt inte vara den sista \u201cexiten\u201d\u00a0i EU:s historia.<\/span><span data-ccp-props=\"{&quot;201341983&quot;:0,&quot;335559739&quot;:160,&quot;335559740&quot;:259}\">\u00a0<\/span><\/p>\n<p><span data-ccp-props=\"{&quot;201341983&quot;:0,&quot;335559739&quot;:160,&quot;335559740&quot;:259}\">\u00a0<\/span><span data-contrast=\"none\">Karv presenterade ocks\u00e5 en statistik p\u00e5 de \u00e5ldersgrupper som r\u00f6stade f\u00f6r\u00a0brexit,\u00a0det visade sig att\u00a0brexit\u00a0var driven\u00a0mest av de\u00a0\u00e4ldre generationens r\u00f6ster.\u00a0Vilket\u00a0fungerar n\u00e4stan som bevis p\u00e5 hur l\u00e5ngt n\u00e5gonting kan g\u00e5 om inte alla verkligen r\u00f6star.\u00a0Fr\u00e5gor\u00a0som har intresserat mig \u00e4r folkomr\u00f6stningar och om de egentligen presenterar allas r\u00f6st?\u00a0Hur stor borde majoriteten av r\u00f6sterna vara att ett beslut kan vara r\u00e4ttvist? Kan man g\u00f6ra beslut om\u00a0inte de flesta verkligen har r\u00f6stat?<\/span><span data-ccp-props=\"{&quot;201341983&quot;:0,&quot;335559739&quot;:160,&quot;335559740&quot;:259}\">\u00a0<\/span><\/p>\n<p><span data-contrast=\"none\">N\u00e5got som ocks\u00e5 f\u00e5ngade min uppm\u00e4rksamhet\u00a0i Karvs f\u00f6rel\u00e4sning\u00a0var EU:s identitetsskapande projekt.\u00a0Karv ber\u00e4ttade\u00a0att projektet handlar om att\u00a0EU f\u00f6rs\u00f6ker f\u00e5 medlemmarna att k\u00e4nna mer\u00a0affektion\u00a0mot EU, k\u00e4nna sig som EU medlemmar p\u00e5 en\u00a0k\u00e4nslom\u00e4ssig niv\u00e5\u00a0och uppleva sig mer sentimentalt mot\u00a0Europeiska unionen.\u00a0Detta projekt\u00a0var mycket intressev\u00e4ckande f\u00f6r mig\u00a0och det skulle vara intressant att veta hur mycket\u00a0av m\u00e5len de har f\u00f6rverkligat\u00a0och om\u00a0de har lyckats hittills med identitetsskapandet. Det skulle ocks\u00e5 vara intressant att se om detta har fungerat b\u00e4ttre hos de unga eller \u00e4ldre generationerna.<\/span><span data-ccp-props=\"{&quot;201341983&quot;:0,&quot;335559739&quot;:160,&quot;335559740&quot;:259}\">\u00a0<\/span><\/p>\n<p><span data-contrast=\"none\">F\u00f6rel\u00e4sningen\u00a0var\u00a0l\u00e4rorik och\u00a0sist men inte minst\u00a0en\u00a0\u00f6gon\u00f6ppnare\u00a0f\u00f6r EU nu och\u00a0framtida EU!\u00a0F\u00f6r mig v\u00e4ckte f\u00f6rel\u00e4sningen\u00a0intresse f\u00f6r fr\u00e5gor om EU,\u00a0folkomr\u00f6stningar och hur detta representeras i bland annat media.\u00a0<\/span><span data-ccp-props=\"{&quot;201341983&quot;:0,&quot;335559739&quot;:160,&quot;335559740&quot;:259}\">\u00a0<\/span><\/p>\n<p><span data-ccp-props=\"{&quot;201341983&quot;:0,&quot;335559739&quot;:160,&quot;335559740&quot;:259}\">K\u00e4llor:<\/span><\/p>\n<p><span data-contrast=\"none\">Karv,\u00a0T.\u00a0(den 20 september 2021). EU\u00a0ig\u00e5r, idag och imorgon? Vasa: \u00c5bo Akademi<\/span><span data-ccp-props=\"{&quot;201341983&quot;:0,&quot;335559739&quot;:160,&quot;335559740&quot;:259}\">\u00a0<\/span><\/p>\n","protected":false},"excerpt":{"rendered":"<p>Aurora\u00a0Peurala\u00a0 Den 20.9.2021 deltog jag i en\u00a0g\u00e4stf\u00f6rel\u00e4sning\u00a0om\u00a0EU ig\u00e5r, idag och imorgon?\u00a0Av\u00a0Thomas Karv\u00a0i grundkursen f\u00f6r statskunskap.\u00a0Centrala teman\u00a0i f\u00f6rel\u00e4sningen\u00a0var:\u00a0vad EU \u00e4r,\u00a0olika\u00a0EU\u00a0f\u00f6rdrag,\u00a0EU:s\u00a0institutioner, kriser, hur EU ser ut idag och hur den kommer eventuellt att se ut i framtiden.\u00a0Mycket i f\u00f6rel\u00e4sningen var bekant fr\u00e5n f\u00f6rr men\u00a0en del\u00a0kom ocks\u00e5 som ny information.\u00a0Hur\u00a0EU eventuellt ser\u00a0ut i framtiden\u00a0var\u00a0n\u00e5got som\u00a0jag inte visste s\u00e5 &hellip; <a href=\"https:\/\/blogs2.abo.fi\/grundkursistatsvetenskap2021\/2021\/10\/05\/gastforelasning-eu-igar-idag-och-imorgon\/\" class=\"more-link\">Forts\u00e4tt l\u00e4sa <span class=\"screen-reader-text\">G\u00e4stf\u00f6rel\u00e4sning: EU ig\u00e5r, idag och imorgon?<\/span><\/a><\/p>\n","protected":false},"author":672,"featured_media":0,"comment_status":"open","ping_status":"open","sticky":false,"template":"","format":"standard","meta":{"footnotes":""},"categories":[1],"tags":[],"class_list":["post-101","post","type-post","status-publish","format-standard","hentry","category-okategoriserade"],"_links":{"self":[{"href":"https:\/\/blogs2.abo.fi\/grundkursistatsvetenskap2021\/wp-json\/wp\/v2\/posts\/101","targetHints":{"allow":["GET"]}}],"collection":[{"href":"https:\/\/blogs2.abo.fi\/grundkursistatsvetenskap2021\/wp-json\/wp\/v2\/posts"}],"about":[{"href":"https:\/\/blogs2.abo.fi\/grundkursistatsvetenskap2021\/wp-json\/wp\/v2\/types\/post"}],"author":[{"embeddable":true,"href":"https:\/\/blogs2.abo.fi\/grundkursistatsvetenskap2021\/wp-json\/wp\/v2\/users\/672"}],"replies":[{"embeddable":true,"href":"https:\/\/blogs2.abo.fi\/grundkursistatsvetenskap2021\/wp-json\/wp\/v2\/comments?post=101"}],"version-history":[{"count":4,"href":"https:\/\/blogs2.abo.fi\/grundkursistatsvetenskap2021\/wp-json\/wp\/v2\/posts\/101\/revisions"}],"predecessor-version":[{"id":105,"href":"https:\/\/blogs2.abo.fi\/grundkursistatsvetenskap2021\/wp-json\/wp\/v2\/posts\/101\/revisions\/105"}],"wp:attachment":[{"href":"https:\/\/blogs2.abo.fi\/grundkursistatsvetenskap2021\/wp-json\/wp\/v2\/media?parent=101"}],"wp:term":[{"taxonomy":"category","embeddable":true,"href":"https:\/\/blogs2.abo.fi\/grundkursistatsvetenskap2021\/wp-json\/wp\/v2\/categories?post=101"},{"taxonomy":"post_tag","embeddable":true,"href":"https:\/\/blogs2.abo.fi\/grundkursistatsvetenskap2021\/wp-json\/wp\/v2\/tags?post=101"}],"curies":[{"name":"wp","href":"https:\/\/api.w.org\/{rel}","templated":true}]}}