{"id":761,"date":"2022-10-14T08:35:56","date_gmt":"2022-10-14T05:35:56","guid":{"rendered":"https:\/\/blogs2.abo.fi\/etnologi-folkloristik-norden\/?p=761"},"modified":"2022-10-13T08:38:50","modified_gmt":"2022-10-13T05:38:50","slug":"prosjektkoordinator-forskar-universitetet-i-bergen","status":"publish","type":"post","link":"https:\/\/blogs2.abo.fi\/etnologi-folkloristik-norden\/2022\/10\/14\/prosjektkoordinator-forskar-universitetet-i-bergen\/","title":{"rendered":"Prosjektkoordinator (forskar), Universitetet i Bergen"},"content":{"rendered":"<p>Ved Institutt for arkeologi, historie, kultur- og religionsvitskap (AHKR) er det ledig ei 50 % stilling som prosjektkoordinator (forskar) i kulturvitskap, med tilsetting fr\u00e5 1. januar 2023 til 1. desember 2024. Stillinga er knytt til det NFR-finansierte prosjektet \u00abSAMLA: National Infrastructure for Cultural History and Tradition Archives\u00bb.<\/p>\n<p>Sista ans\u00f6kningsdag: 6 November 2022<\/p>\n<p><a href=\"https:\/\/www.jobbnorge.no\/nn-no\/ledige-stillingar\/stilling\/233521\/prosjektkoordinator-forskar?fbclid=IwAR1qWodDnOyN2DK7aQWMtouJnQmaa3uEyvZqpOxnAtWL2dXmGq7oPTq5eQs\">L\u00e4s mer h\u00e4r.<\/a><\/p>\n","protected":false},"excerpt":{"rendered":"<p>Ved Institutt for arkeologi, historie, kultur- og religionsvitskap (AHKR) er det ledig ei 50 % stilling som prosjektkoordinator (forskar) i kulturvitskap, med tilsetting fr\u00e5 1. januar 2023 til 1. desember 2024. Stillinga er knytt til det NFR-finansierte prosjektet \u00abSAMLA: National Infrastructure for Cultural History and Tradition Archives\u00bb. Sista ans\u00f6kningsdag: 6 November 2022 L\u00e4s mer h\u00e4r.<\/p>\n","protected":false},"author":645,"featured_media":0,"comment_status":"open","ping_status":"open","sticky":false,"template":"","format":"standard","meta":{"footnotes":""},"categories":[60],"tags":[],"class_list":["post-761","post","type-post","status-publish","format-standard","hentry","category-utlysningar"],"_links":{"self":[{"href":"https:\/\/blogs2.abo.fi\/etnologi-folkloristik-norden\/wp-json\/wp\/v2\/posts\/761","targetHints":{"allow":["GET"]}}],"collection":[{"href":"https:\/\/blogs2.abo.fi\/etnologi-folkloristik-norden\/wp-json\/wp\/v2\/posts"}],"about":[{"href":"https:\/\/blogs2.abo.fi\/etnologi-folkloristik-norden\/wp-json\/wp\/v2\/types\/post"}],"author":[{"embeddable":true,"href":"https:\/\/blogs2.abo.fi\/etnologi-folkloristik-norden\/wp-json\/wp\/v2\/users\/645"}],"replies":[{"embeddable":true,"href":"https:\/\/blogs2.abo.fi\/etnologi-folkloristik-norden\/wp-json\/wp\/v2\/comments?post=761"}],"version-history":[{"count":1,"href":"https:\/\/blogs2.abo.fi\/etnologi-folkloristik-norden\/wp-json\/wp\/v2\/posts\/761\/revisions"}],"predecessor-version":[{"id":762,"href":"https:\/\/blogs2.abo.fi\/etnologi-folkloristik-norden\/wp-json\/wp\/v2\/posts\/761\/revisions\/762"}],"wp:attachment":[{"href":"https:\/\/blogs2.abo.fi\/etnologi-folkloristik-norden\/wp-json\/wp\/v2\/media?parent=761"}],"wp:term":[{"taxonomy":"category","embeddable":true,"href":"https:\/\/blogs2.abo.fi\/etnologi-folkloristik-norden\/wp-json\/wp\/v2\/categories?post=761"},{"taxonomy":"post_tag","embeddable":true,"href":"https:\/\/blogs2.abo.fi\/etnologi-folkloristik-norden\/wp-json\/wp\/v2\/tags?post=761"}],"curies":[{"name":"wp","href":"https:\/\/api.w.org\/{rel}","templated":true}]}}