{"id":2693,"date":"2026-01-08T09:37:49","date_gmt":"2026-01-08T07:37:49","guid":{"rendered":"https:\/\/blogs2.abo.fi\/etnologi-folkloristik-norden\/?p=2693"},"modified":"2026-01-26T16:42:15","modified_gmt":"2026-01-26T14:42:15","slug":"stipendiat-i-kulturvitskap-ved-universitetet-i-bergen","status":"publish","type":"post","link":"https:\/\/blogs2.abo.fi\/etnologi-folkloristik-norden\/2026\/01\/08\/stipendiat-i-kulturvitskap-ved-universitetet-i-bergen\/","title":{"rendered":"Stipendiat i kulturvitskap ved Universitetet i Bergen"},"content":{"rendered":"<p class=\"heading ng-binding\" data-ng-bind=\"component.heading\"><span style=\"font-family: 'Source Sans Pro', Helvetica, sans-serif;font-size: 16px\">Vi s\u00f8kjer ein motivert og fagleg sterk kandidat til ei stipendiatstilling i kulturvitskap ved <\/span><a style=\"font-family: 'Source Sans Pro', Helvetica, sans-serif;font-size: 16px\" href=\"https:\/\/www.uib.no\/ahkr\">Institutt for arkeologi, historie, kultur- og religionsvitskap<\/a><span style=\"font-family: 'Source Sans Pro', Helvetica, sans-serif;font-size: 16px\">. Planlagd oppstart er 4. mai 2026, eller etter avtale. Stillinga er for ein \u00e5rem\u00e5lsperiode p\u00e5 tre \u00e5r.<\/span><\/p>\n<div class=\"textarea ng-binding\" data-ng-bind-html=\"component.text\">\n<p>Stipendiatstillinga er \u00f8yremerka eit ph.d.-prosjekt om naturkultur-relasjonar i musea, og skal bidra til \u00e5 styrkje forsking, forskingskompetanse og samarbeid om FoU-oppg\u00e5ver i musea.<\/p>\n<p>Stillinga er lyst ut i samband med prosjektet NAMUS, som er eit samarbeid mellom Universitetet i Bergen, Musea i Sogn og Fjordane, Hardanger og Voss Museum og Museum Vest samt ei ekstern referansegruppe med leiande internasjonale ekspertar. Stipendiaten vil dermed bli ein del av ei tett samarbeidande forskingsgruppe som arbeider med museumsfaglege sp\u00f8rsm\u00e5l i n\u00e6r tilknyting til b\u00e5de universitetsmilj\u00f8 og museumssektoren.<\/p>\n<p>Stipendiaten vil f\u00e5 h\u00f8ve til \u00e5 samarbeide med toppforskarar p\u00e5 feltet, delta p\u00e5 konferansar og seminar i inn- og utland og gjere eit st\u00f8rre, samanhengande feltarbeid i utvalde institusjonar ved dei konsoliderte musea i Vestland fylke.<\/p>\n<p class=\"heading\" data-jn-localize=\"S\u00f8knadsfrist\"><strong>S\u00f8knadsfrist: 9<span class=\"ng-binding ng-scope\" data-ng-if=\"jobInfo.deadlineOn !== undefined\" data-ng-bind=\"jobInfo.deadlineOn | jnDateToISO | date:'d. M yyyy' | jnDateFormat\">. februar 2026<\/span><\/strong><\/p>\n<p data-jn-localize=\"S\u00f8knadsfrist\"><a href=\"https:\/\/www.jobbnorge.no\/nn-no\/ledige-stillingar\/stilling\/290692\/stipendiat-i-kulturvitskap?fbclid=IwY2xjawPK7FNleHRuA2FlbQIxMABicmlkETFCQlpTYXAwRExMcDA4SVVac3J0YwZhcHBfaWQQMjIyMDM5MTc4ODIwMDg5MgABHsiaxof04LnFDUL5P6N-kCBGd1REU8HOCnEDGJfJtdJgJGAF0Ck2faCNi_se_aem_TsymwRAENiNACmYOidpn4w\">Les mer her<\/a><\/p>\n<\/div>\n","protected":false},"excerpt":{"rendered":"<p>Vi s\u00f8kjer ein motivert og fagleg sterk kandidat til ei stipendiatstilling i kulturvitskap ved Institutt for arkeologi, historie, kultur- og religionsvitskap. Planlagd oppstart er 4. mai 2026, eller etter avtale. Stillinga er for ein \u00e5rem\u00e5lsperiode p\u00e5 tre \u00e5r. Stipendiatstillinga er \u00f8yremerka eit ph.d.-prosjekt om naturkultur-relasjonar i musea, og skal bidra til \u00e5 styrkje forsking, forskingskompetanse &hellip; <a href=\"https:\/\/blogs2.abo.fi\/etnologi-folkloristik-norden\/2026\/01\/08\/stipendiat-i-kulturvitskap-ved-universitetet-i-bergen\/\" class=\"more-link\">Forts\u00e4tt l\u00e4sa <span class=\"screen-reader-text\">Stipendiat i kulturvitskap ved Universitetet i Bergen<\/span> <span class=\"meta-nav\">&rarr;<\/span><\/a><\/p>\n","protected":false},"author":645,"featured_media":0,"comment_status":"closed","ping_status":"open","sticky":false,"template":"","format":"standard","meta":{"footnotes":""},"categories":[60],"tags":[],"class_list":["post-2693","post","type-post","status-publish","format-standard","hentry","category-utlysningar"],"_links":{"self":[{"href":"https:\/\/blogs2.abo.fi\/etnologi-folkloristik-norden\/wp-json\/wp\/v2\/posts\/2693","targetHints":{"allow":["GET"]}}],"collection":[{"href":"https:\/\/blogs2.abo.fi\/etnologi-folkloristik-norden\/wp-json\/wp\/v2\/posts"}],"about":[{"href":"https:\/\/blogs2.abo.fi\/etnologi-folkloristik-norden\/wp-json\/wp\/v2\/types\/post"}],"author":[{"embeddable":true,"href":"https:\/\/blogs2.abo.fi\/etnologi-folkloristik-norden\/wp-json\/wp\/v2\/users\/645"}],"replies":[{"embeddable":true,"href":"https:\/\/blogs2.abo.fi\/etnologi-folkloristik-norden\/wp-json\/wp\/v2\/comments?post=2693"}],"version-history":[{"count":2,"href":"https:\/\/blogs2.abo.fi\/etnologi-folkloristik-norden\/wp-json\/wp\/v2\/posts\/2693\/revisions"}],"predecessor-version":[{"id":2744,"href":"https:\/\/blogs2.abo.fi\/etnologi-folkloristik-norden\/wp-json\/wp\/v2\/posts\/2693\/revisions\/2744"}],"wp:attachment":[{"href":"https:\/\/blogs2.abo.fi\/etnologi-folkloristik-norden\/wp-json\/wp\/v2\/media?parent=2693"}],"wp:term":[{"taxonomy":"category","embeddable":true,"href":"https:\/\/blogs2.abo.fi\/etnologi-folkloristik-norden\/wp-json\/wp\/v2\/categories?post=2693"},{"taxonomy":"post_tag","embeddable":true,"href":"https:\/\/blogs2.abo.fi\/etnologi-folkloristik-norden\/wp-json\/wp\/v2\/tags?post=2693"}],"curies":[{"name":"wp","href":"https:\/\/api.w.org\/{rel}","templated":true}]}}