{"id":2639,"date":"2026-01-07T08:22:32","date_gmt":"2026-01-07T06:22:32","guid":{"rendered":"https:\/\/blogs2.abo.fi\/etnologi-folkloristik-norden\/?p=2639"},"modified":"2025-12-01T15:25:22","modified_gmt":"2025-12-01T13:25:22","slug":"rj-projekt-2026","status":"publish","type":"post","link":"https:\/\/blogs2.abo.fi\/etnologi-folkloristik-norden\/2026\/01\/07\/rj-projekt-2026\/","title":{"rendered":"RJ Projekt 2026"},"content":{"rendered":"<p>Riksbankens Jubileumsfond utlyser varje \u00e5r projektst\u00f6d f\u00f6r forskning inom humaniora och samh\u00e4llsvetenskap.<\/p>\n<p>Omr\u00e5de: Humaniora och samh\u00e4llsvetenskap<br \/>\nAns\u00f6kning \u00f6ppnar: 07 januari, kl 09:00<br \/>\nAns\u00f6kning st\u00e4nger: 27 januari, kl 15:00<br \/>\nViktiga f\u00f6r\u00e4ndringar i \u00e5r:<br \/>\n\u2022 Projektledare eller projektdeltagare som har f\u00e5tt avslag i f\u00f6rsta omg\u00e5ngen f\u00f6r RJ Projekt 2024 och RJ Projekt 2025 kan inte s\u00f6ka RJ Projekt 2026. \u2022 Projektledare som f\u00e5r avslag i f\u00f6rsta omg\u00e5ngen f\u00f6r RJ Projekt 2026 kan inte s\u00f6ka RJ Projekt 2027 varken som projektledare eller projektdeltagare. \u2022 B\u00e5de f\u00f6rsta och andra omg\u00e5ngens ans\u00f6kan ska godk\u00e4nnas av bidragsf\u00f6rvaltaren.<br \/>\nS\u00f6ks av: Enskild forskare eller mindre forskargrupper med svensk anknytning<br \/>\nBeviljas f\u00f6r: 1-3 \u00e5r<br \/>\nBesked f\u00f6rsta omg\u00e5ngen: Vecka 14<br \/>\nAndra omg\u00e5ngen st\u00e4nger: 29 april kl. 15:00<br \/>\nBeslut: 22 oktober<br \/>\nProjekt startar: 2027<\/p>\n<p><a href=\"https:\/\/www.rj.se\/utlysningar\/rj-projekt-2026\/\">L\u00e4s mer h\u00e4r<\/a><\/p>\n","protected":false},"excerpt":{"rendered":"<p>Riksbankens Jubileumsfond utlyser varje \u00e5r projektst\u00f6d f\u00f6r forskning inom humaniora och samh\u00e4llsvetenskap. Omr\u00e5de: Humaniora och samh\u00e4llsvetenskap Ans\u00f6kning \u00f6ppnar: 07 januari, kl 09:00 Ans\u00f6kning st\u00e4nger: 27 januari, kl 15:00 Viktiga f\u00f6r\u00e4ndringar i \u00e5r: \u2022 Projektledare eller projektdeltagare som har f\u00e5tt avslag i f\u00f6rsta omg\u00e5ngen f\u00f6r RJ Projekt 2024 och RJ Projekt 2025 kan inte s\u00f6ka RJ &hellip; <a href=\"https:\/\/blogs2.abo.fi\/etnologi-folkloristik-norden\/2026\/01\/07\/rj-projekt-2026\/\" class=\"more-link\">Forts\u00e4tt l\u00e4sa <span class=\"screen-reader-text\">RJ Projekt 2026<\/span> <span class=\"meta-nav\">&rarr;<\/span><\/a><\/p>\n","protected":false},"author":645,"featured_media":0,"comment_status":"closed","ping_status":"open","sticky":false,"template":"","format":"standard","meta":{"footnotes":""},"categories":[60],"tags":[],"class_list":["post-2639","post","type-post","status-publish","format-standard","hentry","category-utlysningar"],"_links":{"self":[{"href":"https:\/\/blogs2.abo.fi\/etnologi-folkloristik-norden\/wp-json\/wp\/v2\/posts\/2639","targetHints":{"allow":["GET"]}}],"collection":[{"href":"https:\/\/blogs2.abo.fi\/etnologi-folkloristik-norden\/wp-json\/wp\/v2\/posts"}],"about":[{"href":"https:\/\/blogs2.abo.fi\/etnologi-folkloristik-norden\/wp-json\/wp\/v2\/types\/post"}],"author":[{"embeddable":true,"href":"https:\/\/blogs2.abo.fi\/etnologi-folkloristik-norden\/wp-json\/wp\/v2\/users\/645"}],"replies":[{"embeddable":true,"href":"https:\/\/blogs2.abo.fi\/etnologi-folkloristik-norden\/wp-json\/wp\/v2\/comments?post=2639"}],"version-history":[{"count":1,"href":"https:\/\/blogs2.abo.fi\/etnologi-folkloristik-norden\/wp-json\/wp\/v2\/posts\/2639\/revisions"}],"predecessor-version":[{"id":2640,"href":"https:\/\/blogs2.abo.fi\/etnologi-folkloristik-norden\/wp-json\/wp\/v2\/posts\/2639\/revisions\/2640"}],"wp:attachment":[{"href":"https:\/\/blogs2.abo.fi\/etnologi-folkloristik-norden\/wp-json\/wp\/v2\/media?parent=2639"}],"wp:term":[{"taxonomy":"category","embeddable":true,"href":"https:\/\/blogs2.abo.fi\/etnologi-folkloristik-norden\/wp-json\/wp\/v2\/categories?post=2639"},{"taxonomy":"post_tag","embeddable":true,"href":"https:\/\/blogs2.abo.fi\/etnologi-folkloristik-norden\/wp-json\/wp\/v2\/tags?post=2639"}],"curies":[{"name":"wp","href":"https:\/\/api.w.org\/{rel}","templated":true}]}}