{"id":2297,"date":"2025-04-07T10:38:15","date_gmt":"2025-04-07T07:38:15","guid":{"rendered":"https:\/\/blogs2.abo.fi\/etnologi-folkloristik-norden\/?p=2297"},"modified":"2025-04-07T10:38:15","modified_gmt":"2025-04-07T07:38:15","slug":"fragelista-aterbruk-av-klader","status":"publish","type":"post","link":"https:\/\/blogs2.abo.fi\/etnologi-folkloristik-norden\/2025\/04\/07\/fragelista-aterbruk-av-klader\/","title":{"rendered":"Fr\u00e5gelista: \u00c5terbruk av kl\u00e4der"},"content":{"rendered":"<p><img loading=\"lazy\" decoding=\"async\" class=\"alignnone  wp-image-2300\" src=\"http:\/\/blogs2.abo.fi\/etnologi-folkloristik-norden\/wp-content\/uploads\/sites\/158\/2025\/04\/clothes-922988_1280-300x200.jpg\" alt=\"\" width=\"560\" height=\"373\" srcset=\"https:\/\/blogs2.abo.fi\/etnologi-folkloristik-norden\/wp-content\/uploads\/sites\/158\/2025\/04\/clothes-922988_1280-300x200.jpg 300w, https:\/\/blogs2.abo.fi\/etnologi-folkloristik-norden\/wp-content\/uploads\/sites\/158\/2025\/04\/clothes-922988_1280-1024x682.jpg 1024w, https:\/\/blogs2.abo.fi\/etnologi-folkloristik-norden\/wp-content\/uploads\/sites\/158\/2025\/04\/clothes-922988_1280-768x512.jpg 768w, https:\/\/blogs2.abo.fi\/etnologi-folkloristik-norden\/wp-content\/uploads\/sites\/158\/2025\/04\/clothes-922988_1280.jpg 1280w\" sizes=\"auto, (max-width: 560px) 100vw, 560px\" \/><\/p>\n<p>Institutet f\u00f6r spr\u00e5k och folkminnen har en ny fr\u00e5gelista ute: <a href=\"https:\/\/www.isof.se\/folkminnen\/beratta-for-oss\/aktuella\/aterbruk-av-klader\/fragelista-aterbruk-av-klader\">\u00c5terbruk av kl\u00e4der<\/a><\/p>\n<p class=\"normal\">F\u00f6rr var det vanligt att \u00e4rva, sk\u00e4nka, laga och omvandla kl\u00e4der av ekonomiska och andra sk\u00e4l. I v\u00e5ra arkivsamlingar ber\u00e4ttas bland annat att slitna plagg kunde v\u00e4ndas ut och in, att de b\u00e4sta bitarna av tyg fr\u00e5n slitna vuxenkl\u00e4der togs tillvara och syddes om till barnkl\u00e4der, och att barnplagg kunde f\u00f6rl\u00e4ngas p\u00e5 olika s\u00e4tt allteftersom barnen v\u00e4xte. Likas\u00e5 var det vanligt att stickade plagg repades upp och stickades om och att stickade strumpskaft fick nya f\u00f6tter.<\/p>\n<p class=\"normal\">Nu vill vi veta hur praktiken kring \u00e5teranv\u00e4ndning och omvandling kan se ut idag. I samarbete med en masterstudent i modevetenskap vid Stockholms universitet g\u00f6r vi en dokumentation om \u00e5terbruk och redesign av kl\u00e4der.<\/p>\n<p><a href=\"https:\/\/www.isof.se\/folkminnen\/beratta-for-oss\/aktuella\/aterbruk-av-klader?fbclid=IwY2xjawJgXtJleHRuA2FlbQIxMQABHhWJzBJLYJuII2_uSt-CA9yywvQe5wjIJz11DTuTATyYO-FXsAK0u0_cTpuN_aem_v4Dl0H0PkkYCQQCg3onrhw\">L\u00e4s mer h\u00e4r<\/a><\/p>\n","protected":false},"excerpt":{"rendered":"<p>Institutet f\u00f6r spr\u00e5k och folkminnen har en ny fr\u00e5gelista ute: \u00c5terbruk av kl\u00e4der F\u00f6rr var det vanligt att \u00e4rva, sk\u00e4nka, laga och omvandla kl\u00e4der av ekonomiska och andra sk\u00e4l. I v\u00e5ra arkivsamlingar ber\u00e4ttas bland annat att slitna plagg kunde v\u00e4ndas ut och in, att de b\u00e4sta bitarna av tyg fr\u00e5n slitna vuxenkl\u00e4der togs tillvara och &hellip; <a href=\"https:\/\/blogs2.abo.fi\/etnologi-folkloristik-norden\/2025\/04\/07\/fragelista-aterbruk-av-klader\/\" class=\"more-link\">Forts\u00e4tt l\u00e4sa <span class=\"screen-reader-text\">Fr\u00e5gelista: \u00c5terbruk av kl\u00e4der<\/span> <span class=\"meta-nav\">&rarr;<\/span><\/a><\/p>\n","protected":false},"author":645,"featured_media":0,"comment_status":"closed","ping_status":"open","sticky":false,"template":"","format":"standard","meta":{"footnotes":""},"categories":[22,21],"tags":[],"class_list":["post-2297","post","type-post","status-publish","format-standard","hentry","category-fragelista","category-insamling"],"_links":{"self":[{"href":"https:\/\/blogs2.abo.fi\/etnologi-folkloristik-norden\/wp-json\/wp\/v2\/posts\/2297","targetHints":{"allow":["GET"]}}],"collection":[{"href":"https:\/\/blogs2.abo.fi\/etnologi-folkloristik-norden\/wp-json\/wp\/v2\/posts"}],"about":[{"href":"https:\/\/blogs2.abo.fi\/etnologi-folkloristik-norden\/wp-json\/wp\/v2\/types\/post"}],"author":[{"embeddable":true,"href":"https:\/\/blogs2.abo.fi\/etnologi-folkloristik-norden\/wp-json\/wp\/v2\/users\/645"}],"replies":[{"embeddable":true,"href":"https:\/\/blogs2.abo.fi\/etnologi-folkloristik-norden\/wp-json\/wp\/v2\/comments?post=2297"}],"version-history":[{"count":3,"href":"https:\/\/blogs2.abo.fi\/etnologi-folkloristik-norden\/wp-json\/wp\/v2\/posts\/2297\/revisions"}],"predecessor-version":[{"id":2301,"href":"https:\/\/blogs2.abo.fi\/etnologi-folkloristik-norden\/wp-json\/wp\/v2\/posts\/2297\/revisions\/2301"}],"wp:attachment":[{"href":"https:\/\/blogs2.abo.fi\/etnologi-folkloristik-norden\/wp-json\/wp\/v2\/media?parent=2297"}],"wp:term":[{"taxonomy":"category","embeddable":true,"href":"https:\/\/blogs2.abo.fi\/etnologi-folkloristik-norden\/wp-json\/wp\/v2\/categories?post=2297"},{"taxonomy":"post_tag","embeddable":true,"href":"https:\/\/blogs2.abo.fi\/etnologi-folkloristik-norden\/wp-json\/wp\/v2\/tags?post=2297"}],"curies":[{"name":"wp","href":"https:\/\/api.w.org\/{rel}","templated":true}]}}