{"id":2197,"date":"2025-02-26T09:58:07","date_gmt":"2025-02-26T07:58:07","guid":{"rendered":"https:\/\/blogs2.abo.fi\/etnologi-folkloristik-norden\/?p=2197"},"modified":"2025-02-24T14:59:12","modified_gmt":"2025-02-24T12:59:12","slug":"svenska-etnologidagarna-pa-sodertorns-hogskola","status":"publish","type":"post","link":"https:\/\/blogs2.abo.fi\/etnologi-folkloristik-norden\/2025\/02\/26\/svenska-etnologidagarna-pa-sodertorns-hogskola\/","title":{"rendered":"Svenska etnologidagarna p\u00e5 S\u00f6dert\u00f6rns h\u00f6gskola"},"content":{"rendered":"<div class=\"x11i5rnm xat24cr x1mh8g0r x1vvkbs xtlvy1s x126k92a\">\n<div dir=\"auto\">Nu \u00f6ppnar vi anm\u00e4lan f\u00f6r den f\u00f6rsta upplagan av de Svenska etnologidagarna, en konferens f\u00f6r forskningspresentationer av etnologisk forskning. Konferensen kommer \u00e4ga rum p\u00e5 S\u00f6dert\u00f6rns h\u00f6gskola den 11-12 september. Vi v\u00e4lkomnar bidrag p\u00e5 b\u00e5de svenska och engelska. Skriv titel och abstract p\u00e5 det spr\u00e5k du \u00f6nskar tala. Konferensen \u00e4r avgiftsfri.<\/div>\n<\/div>\n<div class=\"x11i5rnm xat24cr x1mh8g0r x1vvkbs xtlvy1s x126k92a\">\n<div dir=\"auto\">Sista dag att anm\u00e4la en presentation \u00e4r den 30 maj. V\u00e4lkomna!<\/p>\n<\/div>\n<\/div>\n<div dir=\"auto\"><a href=\"https:\/\/docs.google.com\/forms\/d\/e\/1FAIpQLSdgbJdWINLEjbDblAfr1oTtTp3oGOsyJclWeXLIT64v0EgHGw\/viewform?fbclid=IwY2xjawIpShhleHRuA2FlbQIxMQABHQexphb3Q2TDQvbqvIonsXU_v6g68BsLcyF28gu945upIXUGMn-4tykMNw_aem_G0NAQsEIoEVHjjKTg34aWA\">Anm\u00e4lan hittas h\u00e4r<\/a><\/div>\n<div dir=\"auto\"><\/div>\n","protected":false},"excerpt":{"rendered":"<p>Nu \u00f6ppnar vi anm\u00e4lan f\u00f6r den f\u00f6rsta upplagan av de Svenska etnologidagarna, en konferens f\u00f6r forskningspresentationer av etnologisk forskning. Konferensen kommer \u00e4ga rum p\u00e5 S\u00f6dert\u00f6rns h\u00f6gskola den 11-12 september. Vi v\u00e4lkomnar bidrag p\u00e5 b\u00e5de svenska och engelska. Skriv titel och abstract p\u00e5 det spr\u00e5k du \u00f6nskar tala. Konferensen \u00e4r avgiftsfri. Sista dag att anm\u00e4la en &hellip; <a href=\"https:\/\/blogs2.abo.fi\/etnologi-folkloristik-norden\/2025\/02\/26\/svenska-etnologidagarna-pa-sodertorns-hogskola\/\" class=\"more-link\">Forts\u00e4tt l\u00e4sa <span class=\"screen-reader-text\">Svenska etnologidagarna p\u00e5 S\u00f6dert\u00f6rns h\u00f6gskola<\/span> <span class=\"meta-nav\">&rarr;<\/span><\/a><\/p>\n","protected":false},"author":645,"featured_media":0,"comment_status":"closed","ping_status":"open","sticky":false,"template":"","format":"standard","meta":{"footnotes":""},"categories":[266,3],"tags":[],"class_list":["post-2197","post","type-post","status-publish","format-standard","hentry","category-event","category-konferenser"],"_links":{"self":[{"href":"https:\/\/blogs2.abo.fi\/etnologi-folkloristik-norden\/wp-json\/wp\/v2\/posts\/2197","targetHints":{"allow":["GET"]}}],"collection":[{"href":"https:\/\/blogs2.abo.fi\/etnologi-folkloristik-norden\/wp-json\/wp\/v2\/posts"}],"about":[{"href":"https:\/\/blogs2.abo.fi\/etnologi-folkloristik-norden\/wp-json\/wp\/v2\/types\/post"}],"author":[{"embeddable":true,"href":"https:\/\/blogs2.abo.fi\/etnologi-folkloristik-norden\/wp-json\/wp\/v2\/users\/645"}],"replies":[{"embeddable":true,"href":"https:\/\/blogs2.abo.fi\/etnologi-folkloristik-norden\/wp-json\/wp\/v2\/comments?post=2197"}],"version-history":[{"count":2,"href":"https:\/\/blogs2.abo.fi\/etnologi-folkloristik-norden\/wp-json\/wp\/v2\/posts\/2197\/revisions"}],"predecessor-version":[{"id":2199,"href":"https:\/\/blogs2.abo.fi\/etnologi-folkloristik-norden\/wp-json\/wp\/v2\/posts\/2197\/revisions\/2199"}],"wp:attachment":[{"href":"https:\/\/blogs2.abo.fi\/etnologi-folkloristik-norden\/wp-json\/wp\/v2\/media?parent=2197"}],"wp:term":[{"taxonomy":"category","embeddable":true,"href":"https:\/\/blogs2.abo.fi\/etnologi-folkloristik-norden\/wp-json\/wp\/v2\/categories?post=2197"},{"taxonomy":"post_tag","embeddable":true,"href":"https:\/\/blogs2.abo.fi\/etnologi-folkloristik-norden\/wp-json\/wp\/v2\/tags?post=2197"}],"curies":[{"name":"wp","href":"https:\/\/api.w.org\/{rel}","templated":true}]}}