{"id":2022,"date":"2024-11-05T08:05:12","date_gmt":"2024-11-05T06:05:12","guid":{"rendered":"https:\/\/blogs2.abo.fi\/etnologi-folkloristik-norden\/?p=2022"},"modified":"2024-11-04T11:05:47","modified_gmt":"2024-11-04T09:05:47","slug":"the-futures-we-imagine","status":"publish","type":"post","link":"https:\/\/blogs2.abo.fi\/etnologi-folkloristik-norden\/2024\/11\/05\/the-futures-we-imagine\/","title":{"rendered":"The futures we IMAGINE"},"content":{"rendered":"<div class=\"xdj266r x11i5rnm xat24cr x1mh8g0r x1vvkbs x126k92a\">\n<div dir=\"auto\">Hvordan forestiller vi oss hverdagen om 30 \u00e5r?<\/div>\n<\/div>\n<div class=\"x11i5rnm xat24cr x1mh8g0r x1vvkbs xtlvy1s x126k92a\">\n<div dir=\"auto\">\n<p>Bli med p\u00e5 en spennende dag med foredrag og diskusjoner om hvordan dagens bekymringer og dr\u00f8mmer p\u00e5virker fremtidens samfunn.<\/p>\n<\/div>\n<\/div>\n<div class=\"x11i5rnm xat24cr x1mh8g0r x1vvkbs xtlvy1s x126k92a\">\n<div dir=\"auto\"><span class=\"html-span xexx8yu x4uap5 x18d9i69 xkhd6sd x1hl2dhg x16tdsg8 x1vvkbs x3nfvp2 x1j61x8r x1fcty0u xdj266r xat24cr xgzva0m xhhsvwb xxymvpz xlup9mm x1kky2od\"><img loading=\"lazy\" decoding=\"async\" class=\"xz74otr\" src=\"https:\/\/static.xx.fbcdn.net\/images\/emoji.php\/v9\/t7e\/1\/16\/1f4c5.png\" alt=\"&#x1f4c5;\" width=\"16\" height=\"16\" \/><\/span> N\u00e5r: 10. desember<\/div>\n<div dir=\"auto\"><span class=\"html-span xexx8yu x4uap5 x18d9i69 xkhd6sd x1hl2dhg x16tdsg8 x1vvkbs x3nfvp2 x1j61x8r x1fcty0u xdj266r xat24cr xgzva0m xhhsvwb xxymvpz xlup9mm x1kky2od\"><img loading=\"lazy\" decoding=\"async\" class=\"xz74otr\" src=\"https:\/\/static.xx.fbcdn.net\/images\/emoji.php\/v9\/t2d\/1\/16\/1f4cd.png\" alt=\"&#x1f4cd;\" width=\"16\" height=\"16\" \/><\/span> Hvor: Litteraturhuset, Oslo<\/div>\n<div dir=\"auto\">\n<p><span class=\"html-span xexx8yu x4uap5 x18d9i69 xkhd6sd x1hl2dhg x16tdsg8 x1vvkbs x3nfvp2 x1j61x8r x1fcty0u xdj266r xat24cr xgzva0m xhhsvwb xxymvpz xlup9mm x1kky2od\"><img loading=\"lazy\" decoding=\"async\" class=\"xz74otr\" src=\"https:\/\/static.xx.fbcdn.net\/images\/emoji.php\/v9\/td\/1\/16\/1f4bc.png\" alt=\"&#x1f4bc;\" width=\"16\" height=\"16\" \/><\/span> Arrangementet er gratis og \u00e5pent for alle, men krever p\u00e5melding. F\u00f8lg lenken: <span class=\"html-span xdj266r x11i5rnm xat24cr x1mh8g0r xexx8yu x4uap5 x18d9i69 xkhd6sd x1hl2dhg x16tdsg8 x1vvkbs\"><a class=\"x1i10hfl xjbqb8w x1ejq31n xd10rxx x1sy0etr x17r0tee x972fbf xcfux6l x1qhh985 xm0m39n x9f619 x1ypdohk xt0psk2 xe8uvvx xdj266r x11i5rnm xat24cr x1mh8g0r xexx8yu x4uap5 x18d9i69 xkhd6sd x16tdsg8 x1hl2dhg xggy1nq x1a2a7pz x1sur9pj xkrqix3 x1fey0fg x1s688f\" role=\"link\" href=\"https:\/\/www.eventbrite.com\/e\/the-futures-we-imagine-tickets-1050597644837?aff=oddtdtcreator&amp;fbclid=IwZXh0bgNhZW0CMTAAAR3Lb_ywLlvAO0GrKNXBDuYf7tDspBbwLZ--VhKhIofPslPQAiNtsOMsR2E_aem_wPVfHIpmZU8T6WhucBWhew\" target=\"_blank\" rel=\"nofollow noopener noreferrer\">https:\/\/www.eventbrite.com\/&#8230;\/the-futures-we-imagine&#8230;<\/a><\/span><\/p>\n<\/div>\n<\/div>\n<div class=\"x11i5rnm xat24cr x1mh8g0r x1vvkbs xtlvy1s x126k92a\">\n<div dir=\"auto\">NEG og Norsk Folkemuseum har hatt gleden av \u00e5 v\u00e6re partner i det NFR-finansierte forskningsprosjektet Imagine. Sammen med forskere og deltakere fra hele landet har vi samlet tanker og forventninger om fremtidens dagligliv. N\u00e5 inviterer vi til prosjektets sluttkonferanse, der vi deler innsikter og analyser fra denne omfattende studien.<\/div>\n<\/div>\n","protected":false},"excerpt":{"rendered":"<p>Hvordan forestiller vi oss hverdagen om 30 \u00e5r? Bli med p\u00e5 en spennende dag med foredrag og diskusjoner om hvordan dagens bekymringer og dr\u00f8mmer p\u00e5virker fremtidens samfunn. N\u00e5r: 10. desember Hvor: Litteraturhuset, Oslo Arrangementet er gratis og \u00e5pent for alle, men krever p\u00e5melding. F\u00f8lg lenken: https:\/\/www.eventbrite.com\/&#8230;\/the-futures-we-imagine&#8230; NEG og Norsk Folkemuseum har hatt gleden av \u00e5 &hellip; <a href=\"https:\/\/blogs2.abo.fi\/etnologi-folkloristik-norden\/2024\/11\/05\/the-futures-we-imagine\/\" class=\"more-link\">Forts\u00e4tt l\u00e4sa <span class=\"screen-reader-text\">The futures we IMAGINE<\/span> <span class=\"meta-nav\">&rarr;<\/span><\/a><\/p>\n","protected":false},"author":645,"featured_media":0,"comment_status":"closed","ping_status":"open","sticky":false,"template":"","format":"standard","meta":{"footnotes":""},"categories":[266],"tags":[],"class_list":["post-2022","post","type-post","status-publish","format-standard","hentry","category-event"],"_links":{"self":[{"href":"https:\/\/blogs2.abo.fi\/etnologi-folkloristik-norden\/wp-json\/wp\/v2\/posts\/2022","targetHints":{"allow":["GET"]}}],"collection":[{"href":"https:\/\/blogs2.abo.fi\/etnologi-folkloristik-norden\/wp-json\/wp\/v2\/posts"}],"about":[{"href":"https:\/\/blogs2.abo.fi\/etnologi-folkloristik-norden\/wp-json\/wp\/v2\/types\/post"}],"author":[{"embeddable":true,"href":"https:\/\/blogs2.abo.fi\/etnologi-folkloristik-norden\/wp-json\/wp\/v2\/users\/645"}],"replies":[{"embeddable":true,"href":"https:\/\/blogs2.abo.fi\/etnologi-folkloristik-norden\/wp-json\/wp\/v2\/comments?post=2022"}],"version-history":[{"count":4,"href":"https:\/\/blogs2.abo.fi\/etnologi-folkloristik-norden\/wp-json\/wp\/v2\/posts\/2022\/revisions"}],"predecessor-version":[{"id":2026,"href":"https:\/\/blogs2.abo.fi\/etnologi-folkloristik-norden\/wp-json\/wp\/v2\/posts\/2022\/revisions\/2026"}],"wp:attachment":[{"href":"https:\/\/blogs2.abo.fi\/etnologi-folkloristik-norden\/wp-json\/wp\/v2\/media?parent=2022"}],"wp:term":[{"taxonomy":"category","embeddable":true,"href":"https:\/\/blogs2.abo.fi\/etnologi-folkloristik-norden\/wp-json\/wp\/v2\/categories?post=2022"},{"taxonomy":"post_tag","embeddable":true,"href":"https:\/\/blogs2.abo.fi\/etnologi-folkloristik-norden\/wp-json\/wp\/v2\/tags?post=2022"}],"curies":[{"name":"wp","href":"https:\/\/api.w.org\/{rel}","templated":true}]}}