{"id":1089,"date":"2023-04-12T09:26:38","date_gmt":"2023-04-12T06:26:38","guid":{"rendered":"https:\/\/blogs2.abo.fi\/etnologi-folkloristik-norden\/?p=1089"},"modified":"2023-04-11T09:31:39","modified_gmt":"2023-04-11T06:31:39","slug":"metodutvecklare-till-funktionsrattsprojekt-rattighetscentrum-vasterbotten","status":"publish","type":"post","link":"https:\/\/blogs2.abo.fi\/etnologi-folkloristik-norden\/2023\/04\/12\/metodutvecklare-till-funktionsrattsprojekt-rattighetscentrum-vasterbotten\/","title":{"rendered":"Metodutvecklare till funktionsr\u00e4ttsprojekt, R\u00e4ttighetscentrum V\u00e4sterbotten"},"content":{"rendered":"<p>R\u00e4ttighetscentrum V\u00e4sterbotten s\u00f6ker nu en metodutvecklare till ett tre\u00e5rigt funktionsr\u00e4ttsprojekt.<\/p>\n<p>Projektet genomf\u00f6rs i samarbete med Funktionsr\u00e4tt V\u00e4sterbotten och V\u00e4sterbottens museum. Projektet kommer att fokusera p\u00e5 opinionsbildning som verktyg f\u00f6r att f\u00f6rebygga diskriminering som har sin grund i funktionsneds\u00e4ttning och funktionshinder i V\u00e4sterbottens l\u00e4n. Projektet ska kartl\u00e4gga, samla in ber\u00e4ttelser och kunskap om livsvillkor bland personer som lever med normbrytande funktionalitet i V\u00e4sterbottens l\u00e4n. En av projektets slutprodukter \u00e4r en utst\u00e4llning p\u00e5 V\u00e4sterbottens museum.<\/p>\n<p>Ans\u00f6k senast 30 april 2023.<\/p>\n<p><a href=\"https:\/\/sverigesmuseer.se\/lediga-jobb\/metodutvecklare-till-funktionsrattsprojekt\/\">L\u00e4s mer h\u00e4r.<\/a><\/p>\n","protected":false},"excerpt":{"rendered":"<p>R\u00e4ttighetscentrum V\u00e4sterbotten s\u00f6ker nu en metodutvecklare till ett tre\u00e5rigt funktionsr\u00e4ttsprojekt. Projektet genomf\u00f6rs i samarbete med Funktionsr\u00e4tt V\u00e4sterbotten och V\u00e4sterbottens museum. Projektet kommer att fokusera p\u00e5 opinionsbildning som verktyg f\u00f6r att f\u00f6rebygga diskriminering som har sin grund i funktionsneds\u00e4ttning och funktionshinder i V\u00e4sterbottens l\u00e4n. Projektet ska kartl\u00e4gga, samla in ber\u00e4ttelser och kunskap om livsvillkor bland personer &hellip; <a href=\"https:\/\/blogs2.abo.fi\/etnologi-folkloristik-norden\/2023\/04\/12\/metodutvecklare-till-funktionsrattsprojekt-rattighetscentrum-vasterbotten\/\" class=\"more-link\">Forts\u00e4tt l\u00e4sa <span class=\"screen-reader-text\">Metodutvecklare till funktionsr\u00e4ttsprojekt, R\u00e4ttighetscentrum V\u00e4sterbotten<\/span> <span class=\"meta-nav\">&rarr;<\/span><\/a><\/p>\n","protected":false},"author":645,"featured_media":0,"comment_status":"open","ping_status":"open","sticky":false,"template":"","format":"standard","meta":{"footnotes":""},"categories":[60],"tags":[],"class_list":["post-1089","post","type-post","status-publish","format-standard","hentry","category-utlysningar"],"_links":{"self":[{"href":"https:\/\/blogs2.abo.fi\/etnologi-folkloristik-norden\/wp-json\/wp\/v2\/posts\/1089","targetHints":{"allow":["GET"]}}],"collection":[{"href":"https:\/\/blogs2.abo.fi\/etnologi-folkloristik-norden\/wp-json\/wp\/v2\/posts"}],"about":[{"href":"https:\/\/blogs2.abo.fi\/etnologi-folkloristik-norden\/wp-json\/wp\/v2\/types\/post"}],"author":[{"embeddable":true,"href":"https:\/\/blogs2.abo.fi\/etnologi-folkloristik-norden\/wp-json\/wp\/v2\/users\/645"}],"replies":[{"embeddable":true,"href":"https:\/\/blogs2.abo.fi\/etnologi-folkloristik-norden\/wp-json\/wp\/v2\/comments?post=1089"}],"version-history":[{"count":1,"href":"https:\/\/blogs2.abo.fi\/etnologi-folkloristik-norden\/wp-json\/wp\/v2\/posts\/1089\/revisions"}],"predecessor-version":[{"id":1090,"href":"https:\/\/blogs2.abo.fi\/etnologi-folkloristik-norden\/wp-json\/wp\/v2\/posts\/1089\/revisions\/1090"}],"wp:attachment":[{"href":"https:\/\/blogs2.abo.fi\/etnologi-folkloristik-norden\/wp-json\/wp\/v2\/media?parent=1089"}],"wp:term":[{"taxonomy":"category","embeddable":true,"href":"https:\/\/blogs2.abo.fi\/etnologi-folkloristik-norden\/wp-json\/wp\/v2\/categories?post=1089"},{"taxonomy":"post_tag","embeddable":true,"href":"https:\/\/blogs2.abo.fi\/etnologi-folkloristik-norden\/wp-json\/wp\/v2\/tags?post=1089"}],"curies":[{"name":"wp","href":"https:\/\/api.w.org\/{rel}","templated":true}]}}