{"id":1034,"date":"2023-03-24T09:11:28","date_gmt":"2023-03-24T07:11:28","guid":{"rendered":"https:\/\/blogs2.abo.fi\/etnologi-folkloristik-norden\/?p=1034"},"modified":"2023-03-16T13:39:04","modified_gmt":"2023-03-16T11:39:04","slug":"ovantade-genealogier-slaktforskning-identitet-minne-och-slaktskap-i-sverige","status":"publish","type":"post","link":"https:\/\/blogs2.abo.fi\/etnologi-folkloristik-norden\/2023\/03\/24\/ovantade-genealogier-slaktforskning-identitet-minne-och-slaktskap-i-sverige\/","title":{"rendered":"Ov\u00e4ntade genealogier? Sl\u00e4ktforskning, identitet, minne och sl\u00e4ktskap i Sverige"},"content":{"rendered":"<p>Forskningsprojektet handlar om ov\u00e4ntade sl\u00e4ktskaps betydelse f\u00f6r identitet och minnen och forskarna best\u00e5r av en grupp etnologer, historiker och arkivvetare.<\/p>\n<p>I centrum f\u00f6r projektet st\u00e5r svensk sl\u00e4ktforskning och vad som h\u00e4nder n\u00e4r sl\u00e4ktforskare st\u00f6ter p\u00e5 ov\u00e4ntade h\u00e4rkomster i sl\u00e4ktleden. Hur det p\u00e5verkar identitetsskapanden och kulturella minnen.<\/p>\n<p><a href=\"https:\/\/maw.wallenberg.org\/ovantade-slaktskaps-betydelse-identitet-och-minnen\">L\u00e4s mer om projektet h\u00e4r<\/a>.<\/p>\n","protected":false},"excerpt":{"rendered":"<p>Forskningsprojektet handlar om ov\u00e4ntade sl\u00e4ktskaps betydelse f\u00f6r identitet och minnen och forskarna best\u00e5r av en grupp etnologer, historiker och arkivvetare. I centrum f\u00f6r projektet st\u00e5r svensk sl\u00e4ktforskning och vad som h\u00e4nder n\u00e4r sl\u00e4ktforskare st\u00f6ter p\u00e5 ov\u00e4ntade h\u00e4rkomster i sl\u00e4ktleden. Hur det p\u00e5verkar identitetsskapanden och kulturella minnen. L\u00e4s mer om projektet h\u00e4r.<\/p>\n","protected":false},"author":645,"featured_media":0,"comment_status":"open","ping_status":"open","sticky":false,"template":"","format":"standard","meta":{"footnotes":""},"categories":[139],"tags":[285,286,284],"class_list":["post-1034","post","type-post","status-publish","format-standard","hentry","category-forskningsprojekt","tag-identitet","tag-minne","tag-slaktforskning"],"_links":{"self":[{"href":"https:\/\/blogs2.abo.fi\/etnologi-folkloristik-norden\/wp-json\/wp\/v2\/posts\/1034","targetHints":{"allow":["GET"]}}],"collection":[{"href":"https:\/\/blogs2.abo.fi\/etnologi-folkloristik-norden\/wp-json\/wp\/v2\/posts"}],"about":[{"href":"https:\/\/blogs2.abo.fi\/etnologi-folkloristik-norden\/wp-json\/wp\/v2\/types\/post"}],"author":[{"embeddable":true,"href":"https:\/\/blogs2.abo.fi\/etnologi-folkloristik-norden\/wp-json\/wp\/v2\/users\/645"}],"replies":[{"embeddable":true,"href":"https:\/\/blogs2.abo.fi\/etnologi-folkloristik-norden\/wp-json\/wp\/v2\/comments?post=1034"}],"version-history":[{"count":1,"href":"https:\/\/blogs2.abo.fi\/etnologi-folkloristik-norden\/wp-json\/wp\/v2\/posts\/1034\/revisions"}],"predecessor-version":[{"id":1035,"href":"https:\/\/blogs2.abo.fi\/etnologi-folkloristik-norden\/wp-json\/wp\/v2\/posts\/1034\/revisions\/1035"}],"wp:attachment":[{"href":"https:\/\/blogs2.abo.fi\/etnologi-folkloristik-norden\/wp-json\/wp\/v2\/media?parent=1034"}],"wp:term":[{"taxonomy":"category","embeddable":true,"href":"https:\/\/blogs2.abo.fi\/etnologi-folkloristik-norden\/wp-json\/wp\/v2\/categories?post=1034"},{"taxonomy":"post_tag","embeddable":true,"href":"https:\/\/blogs2.abo.fi\/etnologi-folkloristik-norden\/wp-json\/wp\/v2\/tags?post=1034"}],"curies":[{"name":"wp","href":"https:\/\/api.w.org\/{rel}","templated":true}]}}